{"id":48422,"date":"2013-06-08T19:18:38","date_gmt":"2013-06-08T22:18:38","guid":{"rendered":"https:\/\/historiadofutebol.com\/blog\/?p=48422"},"modified":"2014-07-08T19:26:09","modified_gmt":"2014-07-08T22:26:09","slug":"america-mg-x-america-rj","status":"publish","type":"post","link":"https:\/\/historiadofutebol.com\/blog\/?p=48422","title":{"rendered":"AM\u00c9RICA-MG x AMERICA-RJ"},"content":{"rendered":"<p><span style=\"font-size: 13px; line-height: 19px;\">Abaixo o hist\u00f3rico das\u00a0<\/span><strong>21<\/strong><span style=\"font-size: 13px; line-height: 19px;\">\u00a0partidas entre os hom\u00f4nimos <\/span><strong>Am\u00e9rica de Minas Gerais<\/strong><span style=\"font-size: 13px; line-height: 19px;\"> contra o <\/span><strong>Am\u00e9rica do Rio de Janeiro<\/strong><span style=\"font-size: 13px; line-height: 19px;\"> (antes Guanabara) e as cidades onde foram disputadas:<\/span><\/p>\n<table width=\"599\" border=\"0\" cellspacing=\"0\" cellpadding=\"0\">\n<colgroup>\n<col width=\"43\" \/>\n<col width=\"98\" \/>\n<col width=\"122\" \/>\n<col width=\"27\" \/>\n<col width=\"21\" \/>\n<col width=\"30\" \/>\n<col width=\"105\" \/>\n<col width=\"153\" \/><\/colgroup>\n<tbody>\n<tr>\n<td width=\"43\" height=\"20\">1<\/td>\n<td width=\"98\">06\/05\/1923<\/td>\n<td width=\"122\">AM\u00c9RICA-MG<\/td>\n<td width=\"27\">1<\/td>\n<td width=\"21\">x<\/td>\n<td width=\"30\">5<\/td>\n<td width=\"105\">AM\u00c9RICA-RJ<\/td>\n<td width=\"153\">BELO HORIZONTE<\/td>\n<\/tr>\n<tr>\n<td height=\"20\">2<\/td>\n<td>07\/05\/1923<\/td>\n<td>AM\u00c9RICA-MG<\/td>\n<td>4<\/td>\n<td>x<\/td>\n<td>2<\/td>\n<td>AM\u00c9RICA-RJ<\/td>\n<td>BELO HORIZONTE<\/td>\n<\/tr>\n<tr>\n<td height=\"20\">3<\/td>\n<td>17\/03\/1936<\/td>\n<td>AM\u00c9RICA-MG<\/td>\n<td>2<\/td>\n<td>x<\/td>\n<td>2<\/td>\n<td>AM\u00c9RICA-RJ<\/td>\n<td>BELO HORIZONTE<\/td>\n<\/tr>\n<tr>\n<td height=\"20\">4<\/td>\n<td>14\/06\/1936<\/td>\n<td>AM\u00c9RICA-MG<\/td>\n<td>4<\/td>\n<td>x<\/td>\n<td>2<\/td>\n<td>AM\u00c9RICA-RJ<\/td>\n<td>RIO DE JANEIRO<\/td>\n<\/tr>\n<tr>\n<td height=\"20\">5<\/td>\n<td>05\/12\/1943<\/td>\n<td>AM\u00c9RICA-MG<\/td>\n<td>1<\/td>\n<td>x<\/td>\n<td>0<\/td>\n<td>AM\u00c9RICA-RJ<\/td>\n<td>BELO HORIZONTE<\/td>\n<\/tr>\n<tr>\n<td height=\"20\">6<\/td>\n<td>17\/06\/1945<\/td>\n<td>AM\u00c9RICA-MG<\/td>\n<td>3<\/td>\n<td>x<\/td>\n<td>3<\/td>\n<td>AM\u00c9RICA-RJ (B)<\/td>\n<td>BELO HORIZONTE<\/td>\n<\/tr>\n<tr>\n<td height=\"20\">7<\/td>\n<td>21\/04\/1949<\/td>\n<td>AM\u00c9RICA-MG<\/td>\n<td>2<\/td>\n<td>x<\/td>\n<td>2<\/td>\n<td>AM\u00c9RICA-RJ<\/td>\n<td>BELO HORIZONTE<\/td>\n<\/tr>\n<tr>\n<td height=\"20\">8<\/td>\n<td>28\/02\/1956<\/td>\n<td>AM\u00c9RICA-MG<\/td>\n<td>2<\/td>\n<td>x<\/td>\n<td>1<\/td>\n<td>AM\u00c9RICA-RJ<\/td>\n<td>BELO HORIZONTE<\/td>\n<\/tr>\n<tr>\n<td height=\"20\">9<\/td>\n<td>04\/02\/1958<\/td>\n<td>AM\u00c9RICA-MG<\/td>\n<td>0<\/td>\n<td>x<\/td>\n<td>2<\/td>\n<td>AM\u00c9RICA-RJ<\/td>\n<td>BELO HORIZONTE<\/td>\n<\/tr>\n<tr>\n<td height=\"20\">10<\/td>\n<td>26\/06\/1958<\/td>\n<td>AM\u00c9RICA-MG<\/td>\n<td>1<\/td>\n<td>x<\/td>\n<td>0<\/td>\n<td>AM\u00c9RICA-RJ<\/td>\n<td>BELO HORIZONTE<\/td>\n<\/tr>\n<tr>\n<td height=\"20\">11<\/td>\n<td>06\/05\/1967<\/td>\n<td>AM\u00c9RICA-MG<\/td>\n<td>2<\/td>\n<td>x<\/td>\n<td>2<\/td>\n<td>AM\u00c9RICA-RJ<\/td>\n<td>BELO HORIZONTE<\/td>\n<\/tr>\n<tr>\n<td height=\"20\">12<\/td>\n<td>14\/08\/1971<\/td>\n<td>AM\u00c9RICA-MG<\/td>\n<td>1<\/td>\n<td>x<\/td>\n<td>1<\/td>\n<td>AM\u00c9RICA-RJ<\/td>\n<td>BELO HORIZONTE<\/td>\n<\/tr>\n<tr>\n<td height=\"20\">13<\/td>\n<td>08\/11\/1972<\/td>\n<td>AM\u00c9RICA-MG<\/td>\n<td>0<\/td>\n<td>x<\/td>\n<td>3<\/td>\n<td>AM\u00c9RICA-RJ<\/td>\n<td>RIO DE JANEIRO<\/td>\n<\/tr>\n<tr>\n<td height=\"20\">14<\/td>\n<td>06\/09\/1973<\/td>\n<td>AM\u00c9RICA-MG<\/td>\n<td>0<\/td>\n<td>x<\/td>\n<td>1<\/td>\n<td>AM\u00c9RICA-RJ<\/td>\n<td>RIO DE JANEIRO<\/td>\n<\/tr>\n<tr>\n<td height=\"20\">15<\/td>\n<td>28\/11\/1973<\/td>\n<td>AM\u00c9RICA-MG<\/td>\n<td>1<\/td>\n<td>x<\/td>\n<td>1<\/td>\n<td>AM\u00c9RICA-RJ<\/td>\n<td>BELO HORIZONTE<\/td>\n<\/tr>\n<tr>\n<td height=\"20\">16<\/td>\n<td>21\/09\/1975<\/td>\n<td>AM\u00c9RICA-MG<\/td>\n<td>0<\/td>\n<td>x<\/td>\n<td>3<\/td>\n<td>AM\u00c9RICA-RJ<\/td>\n<td>BELO HORIZONTE<\/td>\n<\/tr>\n<tr>\n<td height=\"20\">17<\/td>\n<td>22\/09\/1976<\/td>\n<td>AM\u00c9RICA-MG<\/td>\n<td>0<\/td>\n<td>x<\/td>\n<td>0<\/td>\n<td>AM\u00c9RICA-RJ<\/td>\n<td>BELO HORIZONTE<\/td>\n<\/tr>\n<tr>\n<td height=\"20\">18<\/td>\n<td>11\/01\/1981<\/td>\n<td>AM\u00c9RICA-MG<\/td>\n<td>1<\/td>\n<td>x<\/td>\n<td>0<\/td>\n<td>AM\u00c9RICA-RJ<\/td>\n<td>BELO HORIZONTE<\/td>\n<\/tr>\n<tr>\n<td height=\"20\">19<\/td>\n<td>14\/10\/1990<\/td>\n<td>AM\u00c9RICA-MG<\/td>\n<td>2<\/td>\n<td>x<\/td>\n<td>0<\/td>\n<td>AM\u00c9RICA-RJ<\/td>\n<td>BELO HORIZONTE<\/td>\n<\/tr>\n<tr>\n<td height=\"20\">20<\/td>\n<td>19\/07\/2006<\/td>\n<td>AM\u00c9RICA-MG<\/td>\n<td>2<\/td>\n<td>x<\/td>\n<td>0<\/td>\n<td>AM\u00c9RICA-RJ<\/td>\n<td>BELO HORIZONTE<\/td>\n<\/tr>\n<tr>\n<td height=\"20\">21<\/td>\n<td>02\/08\/2006<\/td>\n<td>AM\u00c9RICA-MG<\/td>\n<td>2<\/td>\n<td>x<\/td>\n<td>1<\/td>\n<td>AM\u00c9RICA-RJ<\/td>\n<td>MESQUITA<\/td>\n<\/tr>\n<\/tbody>\n<\/table>\n<p>&nbsp;<\/p>\n<p><span style=\"font-size: 13px; line-height: 19px;\">Vit\u00f3rias mineiras: 9<\/span><br \/>\n<span style=\"font-size: 13px; line-height: 19px;\">Vit\u00f3rias cariocas: 5<\/span><br \/>\n<span style=\"font-size: 13px; line-height: 19px;\">Empates: 7<\/span><br \/>\n<span style=\"font-size: 13px; line-height: 19px;\">Gols mineiros: 31<\/span><br \/>\n<span style=\"font-size: 13px; line-height: 19px;\">Gols cariocas: 31<\/span><\/p>\n<p><span style=\"font-size: 13px; line-height: 19px;\">Saluti a tutti<\/span><\/p>\n<p>Claudio<\/p>\n<p><em>Informa\u00e7\u00f5es do Almanaque do Am\u00e9rica (Carlos Paiva) e acervo pessoal<\/em><\/p>\n","protected":false},"excerpt":{"rendered":"<p>Abaixo o hist\u00f3rico das\u00a021\u00a0partidas entre os hom\u00f4nimos Am\u00e9rica de Minas Gerais contra o Am\u00e9rica do Rio de Janeiro (antes Guanabara) e as cidades onde foram disputadas: 1 06\/05\/1923 AM\u00c9RICA-MG 1 x 5 AM\u00c9RICA-RJ BELO HORIZONTE 2 07\/05\/1923 AM\u00c9RICA-MG 4 x 2 AM\u00c9RICA-RJ BELO HORIZONTE 3 17\/03\/1936 AM\u00c9RICA-MG 2 x 2 AM\u00c9RICA-RJ BELO HORIZONTE 4 14\/06\/1936 [&hellip;]<\/p>\n","protected":false},"author":60,"featured_media":0,"comment_status":"open","ping_status":"closed","sticky":false,"template":"","format":"standard","meta":{"footnotes":""},"categories":[536,83,39,47],"tags":[],"class_list":["post-48422","post","type-post","status-publish","format-standard","hentry","category-claudio-freati","category-x9-curiosidades","category-minas-gerais","category-rio-de-janeiro"],"_links":{"self":[{"href":"https:\/\/historiadofutebol.com\/blog\/index.php?rest_route=\/wp\/v2\/posts\/48422","targetHints":{"allow":["GET"]}}],"collection":[{"href":"https:\/\/historiadofutebol.com\/blog\/index.php?rest_route=\/wp\/v2\/posts"}],"about":[{"href":"https:\/\/historiadofutebol.com\/blog\/index.php?rest_route=\/wp\/v2\/types\/post"}],"author":[{"embeddable":true,"href":"https:\/\/historiadofutebol.com\/blog\/index.php?rest_route=\/wp\/v2\/users\/60"}],"replies":[{"embeddable":true,"href":"https:\/\/historiadofutebol.com\/blog\/index.php?rest_route=%2Fwp%2Fv2%2Fcomments&post=48422"}],"version-history":[{"count":5,"href":"https:\/\/historiadofutebol.com\/blog\/index.php?rest_route=\/wp\/v2\/posts\/48422\/revisions"}],"predecessor-version":[{"id":48449,"href":"https:\/\/historiadofutebol.com\/blog\/index.php?rest_route=\/wp\/v2\/posts\/48422\/revisions\/48449"}],"wp:attachment":[{"href":"https:\/\/historiadofutebol.com\/blog\/index.php?rest_route=%2Fwp%2Fv2%2Fmedia&parent=48422"}],"wp:term":[{"taxonomy":"category","embeddable":true,"href":"https:\/\/historiadofutebol.com\/blog\/index.php?rest_route=%2Fwp%2Fv2%2Fcategories&post=48422"},{"taxonomy":"post_tag","embeddable":true,"href":"https:\/\/historiadofutebol.com\/blog\/index.php?rest_route=%2Fwp%2Fv2%2Ftags&post=48422"}],"curies":[{"name":"wp","href":"https:\/\/api.w.org\/{rel}","templated":true}]}}