{"id":4809,"date":"2009-04-10T18:09:41","date_gmt":"2009-04-10T20:09:41","guid":{"rendered":"http:\/\/blog.cacellain.com.br\/2009\/04\/10\/os-rotulos-de-craque-na-epoca-do-radio\/"},"modified":"2009-04-10T18:09:41","modified_gmt":"2009-04-10T20:09:41","slug":"os-rotulos-de-craque-na-epoca-do-radio","status":"publish","type":"post","link":"https:\/\/historiadofutebol.com\/blog\/?p=4809","title":{"rendered":"Os r\u00f3tulos de craque na \u00e9poca do r\u00e1dio"},"content":{"rendered":"<p>Estava conversando com um jornalista  sobre a banaliza\u00e7\u00e3o que vemos hoje em alguns  institutos  sobre coloca\u00e7\u00f5es de clubes, qual o melhor e assim por diante.<br \/>\nAntigamente quando se rotulava ou quando era atribu\u00eddo algum t\u00edtulo no futebol, rend\u00edamos vassalagem ou coisa do g\u00eanero.<\/p>\n<p>O jornal L!Equipe coroou o Neg\u00e3o como o Rei do Futebol.  Procedente, nada  banalizado.<br \/>\nNingu\u00e9m lhe usurpou a coroa.<br \/>\nDidi era o pr\u00edncipe et\u00edope. Pura estirpe verdadeira.<br \/>\n E assim acredit\u00e1vamos.<\/p>\n<p>No que o jornalista respondeu que em S\u00e3o Paulo, j\u00e1 no meu tempo, o locutor Valter Abrah\u00e3o, chamado \u201cMetralha\u2019, pela velocidade com que narrava os jogos, tentando, acho, evitar chamar tamb\u00e9m Pel\u00e9 de craque, g\u00eanio etc,- eram tantos, muitos leg\u00edtimos paraguaios &#8211; narrava assim, quando o Rei pegava a bola:<br \/>\n\u201cL\u00e1 vai Ele\u201d\u2026 E, acredite, dava para ouvir Ele e n\u00e3o ele.<br \/>\nOu seja, voc\u00ea conseguia distinguir o ELE como o neg\u00e3o. \u00c9 como imaginarmos um jogador hoje sendo v\u00e1rias vezes mais craque  do que \u00e9.<br \/>\nQuando voc\u00ea ouvia o narrador falando&#8230;l\u00e1 vai Ele, voc\u00ea entenderia no ato.<\/p>\n<p>Propaganda de uma  R\u00e1dio:<br \/>\n[img:jornal_do_meio_dia.jpg,thumb,vazio]<\/p>\n<p>Homenagem aos locutores do R\u00e1dio<br \/>\n[img:dial_dos_locutores_1.jpg,resized,vazio]<\/p>\n<p>Na grande fase do futebol brasileiro v\u00e1rios jogadores se eternizaram:<br \/>\nBarbosa, Bauer, Zizinho, Ademir de Menezes, Nilton Santos, Gilmar, Didi, Amarildo, Mauro, Vav\u00e1, Zagalo, Garrincha,  Gerson, etc.<br \/>\nRecentemente Rivelino, Bebeto, Rom\u00e1rio, Edmundo,  mas j\u00e1 na fase da TV.<\/p>\n<p>Entre os clubes, Botafogo e Santos circulavam pelo mundo e quase n\u00e3o perdiam. Foi um per\u00edodo t\u00e3o rico de craques que muitos n\u00e3o chegavam a titular ou sequer eram convocados para a sele\u00e7\u00e3o, como Dirceu Lopes e Ademir da Guia, que hoje seriam titular\u00edssimos.<\/p>\n<p>Curiosidade:<br \/>\nValdemar &#8221; Carabina &#8221; foi famoso defensor do Palmeiras nos anos 50 e 60.<br \/>\nSobre o apelido de &#8220;Carabina&#8221; Valdemar ganhou do inesquec\u00edvel comentarista M\u00e1rio Moraes: &#8220;Eu fiz um gola\u00e7o no Pacaembu de fora da \u00e1rea e o M\u00e1rio disse na R\u00e1dio Panamericana que chutei mais forte do que um tiro de carabina. A\u00ed, o apelido pegou&#8221;.<br \/>\nCerta vez  o comentarista M\u00e1rio Moraes atribuiu um r\u00f3tulo pejorativo.  Achava que o t\u00e9cnico Vicente Feola estava mais para vendedor de pipocas do que para t\u00e9cnico de futebol.<br \/>\nInimagin\u00e1vel nos tempos atuais.<\/p>\n","protected":false},"excerpt":{"rendered":"<p>Estava conversando com um jornalista sobre a banaliza\u00e7\u00e3o que vemos hoje em alguns institutos sobre coloca\u00e7\u00f5es de clubes, qual o melhor e assim por diante. Antigamente quando se rotulava ou quando era atribu\u00eddo algum t\u00edtulo no futebol, rend\u00edamos vassalagem ou coisa do g\u00eanero. O jornal L!Equipe coroou o Neg\u00e3o como o Rei do Futebol. Procedente, [&hellip;]<\/p>\n","protected":false},"author":24,"featured_media":0,"comment_status":"open","ping_status":"closed","sticky":false,"template":"","format":"standard","meta":{"footnotes":""},"categories":[142],"tags":[],"class_list":["post-4809","post","type-post","status-publish","format-standard","hentry","category-gilberto-maluf"],"_links":{"self":[{"href":"https:\/\/historiadofutebol.com\/blog\/index.php?rest_route=\/wp\/v2\/posts\/4809","targetHints":{"allow":["GET"]}}],"collection":[{"href":"https:\/\/historiadofutebol.com\/blog\/index.php?rest_route=\/wp\/v2\/posts"}],"about":[{"href":"https:\/\/historiadofutebol.com\/blog\/index.php?rest_route=\/wp\/v2\/types\/post"}],"author":[{"embeddable":true,"href":"https:\/\/historiadofutebol.com\/blog\/index.php?rest_route=\/wp\/v2\/users\/24"}],"replies":[{"embeddable":true,"href":"https:\/\/historiadofutebol.com\/blog\/index.php?rest_route=%2Fwp%2Fv2%2Fcomments&post=4809"}],"version-history":[{"count":0,"href":"https:\/\/historiadofutebol.com\/blog\/index.php?rest_route=\/wp\/v2\/posts\/4809\/revisions"}],"wp:attachment":[{"href":"https:\/\/historiadofutebol.com\/blog\/index.php?rest_route=%2Fwp%2Fv2%2Fmedia&parent=4809"}],"wp:term":[{"taxonomy":"category","embeddable":true,"href":"https:\/\/historiadofutebol.com\/blog\/index.php?rest_route=%2Fwp%2Fv2%2Fcategories&post=4809"},{"taxonomy":"post_tag","embeddable":true,"href":"https:\/\/historiadofutebol.com\/blog\/index.php?rest_route=%2Fwp%2Fv2%2Ftags&post=4809"}],"curies":[{"name":"wp","href":"https:\/\/api.w.org\/{rel}","templated":true}]}}