{"id":46695,"date":"2013-02-09T02:51:09","date_gmt":"2013-02-09T04:51:09","guid":{"rendered":"https:\/\/historiadofutebol.com\/blog\/?p=46695"},"modified":"2013-02-09T02:52:05","modified_gmt":"2013-02-09T04:52:05","slug":"liga-esportiva-de-futebol-de-poxoreu","status":"publish","type":"post","link":"https:\/\/historiadofutebol.com\/blog\/?p=46695","title":{"rendered":"Liga Esportiva de Futebol de Poxor\u00e9u"},"content":{"rendered":"<p>&nbsp;<\/p>\n<table width=\"536\" border=\"0\" cellspacing=\"0\" cellpadding=\"0\" align=\"center\">\n<tbody>\n<tr>\n<td bgcolor=\"#F4F1E8\" height=\"21\">15\/01\/2013<\/td>\n<\/tr>\n<tr>\n<td valign=\"top\"><strong>LEP<\/strong><\/p>\n<p align=\"center\"><strong><span style=\"color: #000080\">Liga Esportiva de Futebol de Poxor\u00e9u<\/span><\/strong><\/p>\n<p align=\"right\">Assessoria<\/p>\n<p>&nbsp;<\/p>\n<p>O coordenador de esportes da secretaria municipal de educa\u00e7\u00e3o de Poxor\u00e9u, professor Ademar Silva, esteve em Cuiab\u00e1 (MT) no \u00faltimo dia 8, em reuni\u00e3o com o presidente da Federa\u00e7\u00e3o Mato-grossense de Futebol (FMF), Carlos Orione, para tratar da regulariza\u00e7\u00e3o da Liga Esportiva de Futebol de Poxor\u00e9u e dos clubes amadores que estavam inativos h\u00e1 12 anos, e em consequ\u00eancia disso, n\u00e3o podiam disputar campeonatos oficiais.<\/p>\n<p>Na reuni\u00e3o, o coordenador de esportes exp\u00f4s ao presidente da FMF o interesse da atual administra\u00e7\u00e3o em resgatar os campeonatos de futebol em Poxor\u00e9u (MT) e do ensejo de regularizar a situa\u00e7\u00e3o dos clubes, bem como compor seus elencos.<\/p>\n<p>Na oportunidade, o presidente Carlos Orione entendeu a necessidade da reativa\u00e7\u00e3o da entidade e dos clubes no munic\u00edpio e concedeu a libera\u00e7\u00e3o do alvar\u00e1 que autoriza o funcionamento da Liga Esportiva de Futebol de Poxor\u00e9u.<\/p>\n<p>Parceiro hist\u00f3rico do futebol de Poxor\u00e9u, Carlos Orione, acionou diversos departamentos da federa\u00e7\u00e3o e anistiou a entidade e os clubes de todos os encargos financeiros decorridos dos v\u00e1rios anos de inatividade. Segundo o presidente, \u00e9 importante que a popula\u00e7\u00e3o volte a frequentar o est\u00e1dio Diamante Verde e veja os espet\u00e1culos que os clubes de Poxor\u00e9u proporcionam.<\/p>\n<p>Com a regulariza\u00e7\u00e3o da Liga Esportiva e dos clubes amadores do munic\u00edpio [Poxor\u00e9u, Bandeirantes, Independente, Am\u00e9rica, Comercial, Atl\u00e9tico Clube Alto Coit\u00e9, Portuguesa, Flamor, Jardim Poxor\u00e9u e Tessadaro Xavante] a coordena\u00e7\u00e3o de esportes da secretaria municipal de educa\u00e7\u00e3o agendar\u00e1 para junho de 2013, uma nova edi\u00e7\u00e3o do campeonato municipal.<\/p>\n<p>Segundo o coordenador de esportes Ademar Silva, para o campeonato ser\u00e1 necess\u00e1rio a capacita\u00e7\u00e3o de novos \u00e1rbitros de futebol. Para isso, ser\u00e1 disponibilizado para o come\u00e7o do m\u00eas de maio, um curso de arbitragem com carga hor\u00e1ria de 20 horas.<\/p>\n<p>&nbsp;<\/p>\n<p><span style=\"font-size: x-small\">(Assessoria de J\u00e9ssica Estellen)<\/span><\/p>\n<p>&nbsp;<\/td>\n<\/tr>\n<\/tbody>\n<\/table>\n<p>&nbsp;<\/p>\n<p>FONTE:<\/p>\n<p>http:\/\/pox.zip.net\/arch2013-01-01_2013-01-31.html<\/p>\n","protected":false},"excerpt":{"rendered":"<p>&nbsp; 15\/01\/2013 LEP Liga Esportiva de Futebol de Poxor\u00e9u Assessoria &nbsp; O coordenador de esportes da secretaria municipal de educa\u00e7\u00e3o de Poxor\u00e9u, professor Ademar Silva, esteve em Cuiab\u00e1 (MT) no \u00faltimo dia 8, em reuni\u00e3o com o presidente da Federa\u00e7\u00e3o Mato-grossense de Futebol (FMF), Carlos Orione, para tratar da regulariza\u00e7\u00e3o da Liga Esportiva de Futebol [&hellip;]<\/p>\n","protected":false},"author":15,"featured_media":0,"comment_status":"open","ping_status":"closed","sticky":false,"template":"","format":"standard","meta":{"footnotes":""},"categories":[132,37],"tags":[],"class_list":["post-46695","post","type-post","status-publish","format-standard","hentry","category-rodrigo-oliveira","category-mato-grosso"],"_links":{"self":[{"href":"https:\/\/historiadofutebol.com\/blog\/index.php?rest_route=\/wp\/v2\/posts\/46695","targetHints":{"allow":["GET"]}}],"collection":[{"href":"https:\/\/historiadofutebol.com\/blog\/index.php?rest_route=\/wp\/v2\/posts"}],"about":[{"href":"https:\/\/historiadofutebol.com\/blog\/index.php?rest_route=\/wp\/v2\/types\/post"}],"author":[{"embeddable":true,"href":"https:\/\/historiadofutebol.com\/blog\/index.php?rest_route=\/wp\/v2\/users\/15"}],"replies":[{"embeddable":true,"href":"https:\/\/historiadofutebol.com\/blog\/index.php?rest_route=%2Fwp%2Fv2%2Fcomments&post=46695"}],"version-history":[{"count":3,"href":"https:\/\/historiadofutebol.com\/blog\/index.php?rest_route=\/wp\/v2\/posts\/46695\/revisions"}],"predecessor-version":[{"id":46698,"href":"https:\/\/historiadofutebol.com\/blog\/index.php?rest_route=\/wp\/v2\/posts\/46695\/revisions\/46698"}],"wp:attachment":[{"href":"https:\/\/historiadofutebol.com\/blog\/index.php?rest_route=%2Fwp%2Fv2%2Fmedia&parent=46695"}],"wp:term":[{"taxonomy":"category","embeddable":true,"href":"https:\/\/historiadofutebol.com\/blog\/index.php?rest_route=%2Fwp%2Fv2%2Fcategories&post=46695"},{"taxonomy":"post_tag","embeddable":true,"href":"https:\/\/historiadofutebol.com\/blog\/index.php?rest_route=%2Fwp%2Fv2%2Ftags&post=46695"}],"curies":[{"name":"wp","href":"https:\/\/api.w.org\/{rel}","templated":true}]}}