{"id":4560,"date":"2009-08-05T19:43:37","date_gmt":"2009-08-05T22:43:37","guid":{"rendered":"http:\/\/blog.cacellain.com.br\/2009\/08\/05\/clubes-de-minas-gerais-lavras-futebol-clube\/"},"modified":"2009-08-05T19:43:37","modified_gmt":"2009-08-05T22:43:37","slug":"clubes-de-minas-gerais-lavras-futebol-clube","status":"publish","type":"post","link":"https:\/\/historiadofutebol.com\/blog\/?p=4560","title":{"rendered":"CLUBES DE MINAS GERAIS &#8211; LAVRAS FUTEBOL CLUBE"},"content":{"rendered":"<p>NOME: LAVRAS FUTEBOL CLUBE<\/p>\n<p>CIDADE: Lavras \/ MG<\/p>\n<p>FUNDA\u00c7\u00c3O: 20 de fevereiro de 2009<\/p>\n<p>CORES OFICIAIS: vermelho \/ branco<\/p>\n<p>EST\u00c1DIO: Juventino Dias<\/p>\n<p>HIST\u00d3RICO: Fundado este ano, ir\u00e1 disputar a 2\u00aa Divis\u00e3o Mineira.<\/p>\n<p>[img:lavras_fc_MG.jpg,full,vazio]<\/p>\n","protected":false},"excerpt":{"rendered":"<p>NOME: LAVRAS FUTEBOL CLUBE CIDADE: Lavras \/ MG FUNDA\u00c7\u00c3O: 20 de fevereiro de 2009 CORES OFICIAIS: vermelho \/ branco EST\u00c1DIO: Juventino Dias HIST\u00d3RICO: Fundado este ano, ir\u00e1 disputar a 2\u00aa Divis\u00e3o Mineira. [img:lavras_fc_MG.jpg,full,vazio]<\/p>\n","protected":false},"author":6,"featured_media":0,"comment_status":"open","ping_status":"closed","sticky":false,"template":"","format":"standard","meta":{"footnotes":""},"categories":[96,39],"tags":[],"class_list":["post-4560","post","type-post","status-publish","format-standard","hentry","category-julio-diogo","category-minas-gerais"],"_links":{"self":[{"href":"https:\/\/historiadofutebol.com\/blog\/index.php?rest_route=\/wp\/v2\/posts\/4560","targetHints":{"allow":["GET"]}}],"collection":[{"href":"https:\/\/historiadofutebol.com\/blog\/index.php?rest_route=\/wp\/v2\/posts"}],"about":[{"href":"https:\/\/historiadofutebol.com\/blog\/index.php?rest_route=\/wp\/v2\/types\/post"}],"author":[{"embeddable":true,"href":"https:\/\/historiadofutebol.com\/blog\/index.php?rest_route=\/wp\/v2\/users\/6"}],"replies":[{"embeddable":true,"href":"https:\/\/historiadofutebol.com\/blog\/index.php?rest_route=%2Fwp%2Fv2%2Fcomments&post=4560"}],"version-history":[{"count":0,"href":"https:\/\/historiadofutebol.com\/blog\/index.php?rest_route=\/wp\/v2\/posts\/4560\/revisions"}],"wp:attachment":[{"href":"https:\/\/historiadofutebol.com\/blog\/index.php?rest_route=%2Fwp%2Fv2%2Fmedia&parent=4560"}],"wp:term":[{"taxonomy":"category","embeddable":true,"href":"https:\/\/historiadofutebol.com\/blog\/index.php?rest_route=%2Fwp%2Fv2%2Fcategories&post=4560"},{"taxonomy":"post_tag","embeddable":true,"href":"https:\/\/historiadofutebol.com\/blog\/index.php?rest_route=%2Fwp%2Fv2%2Ftags&post=4560"}],"curies":[{"name":"wp","href":"https:\/\/api.w.org\/{rel}","templated":true}]}}