{"id":4480,"date":"2009-05-29T11:40:58","date_gmt":"2009-05-29T13:40:58","guid":{"rendered":"http:\/\/blog.cacellain.com.br\/2009\/05\/29\/clubes-de-minas-gerais-sao-francisco-esporte-clube\/"},"modified":"2009-05-29T11:40:58","modified_gmt":"2009-05-29T13:40:58","slug":"clubes-de-minas-gerais-sao-francisco-esporte-clube","status":"publish","type":"post","link":"https:\/\/historiadofutebol.com\/blog\/?p=4480","title":{"rendered":"CLUBES DE MINAS GERAIS &#8211; S\u00c3O FRANCISCO ESPORTE CLUBE"},"content":{"rendered":"<p>NOME: S\u00c3O FRANCISCO ESPORTE CLUBE<\/p>\n<p>CIDADE: Par\u00e1 de Minas \/ MG<\/p>\n<p>FUNDA\u00c7\u00c3O: 16 de julho de 1971<\/p>\n<p>CORES OFICIAIS: azul \/ vermelho \/ branco<\/p>\n<p>EST\u00c1DIO: Jos\u00e9 Maria de Castro<\/p>\n<p>SITUA\u00c7\u00c3O ATUAL: Disputa as competi\u00e7\u00f5es amadoras da cidade e regi\u00e3o.<\/p>\n<p>[img:saofranciscoescudo.jpg,thumb,centralizado]<\/p>\n","protected":false},"excerpt":{"rendered":"<p>NOME: S\u00c3O FRANCISCO ESPORTE CLUBE CIDADE: Par\u00e1 de Minas \/ MG FUNDA\u00c7\u00c3O: 16 de julho de 1971 CORES OFICIAIS: azul \/ vermelho \/ branco EST\u00c1DIO: Jos\u00e9 Maria de Castro SITUA\u00c7\u00c3O ATUAL: Disputa as competi\u00e7\u00f5es amadoras da cidade e regi\u00e3o. [img:saofranciscoescudo.jpg,thumb,centralizado]<\/p>\n","protected":false},"author":6,"featured_media":0,"comment_status":"open","ping_status":"closed","sticky":false,"template":"","format":"standard","meta":{"footnotes":""},"categories":[96,39],"tags":[],"class_list":["post-4480","post","type-post","status-publish","format-standard","hentry","category-julio-diogo","category-minas-gerais"],"_links":{"self":[{"href":"https:\/\/historiadofutebol.com\/blog\/index.php?rest_route=\/wp\/v2\/posts\/4480","targetHints":{"allow":["GET"]}}],"collection":[{"href":"https:\/\/historiadofutebol.com\/blog\/index.php?rest_route=\/wp\/v2\/posts"}],"about":[{"href":"https:\/\/historiadofutebol.com\/blog\/index.php?rest_route=\/wp\/v2\/types\/post"}],"author":[{"embeddable":true,"href":"https:\/\/historiadofutebol.com\/blog\/index.php?rest_route=\/wp\/v2\/users\/6"}],"replies":[{"embeddable":true,"href":"https:\/\/historiadofutebol.com\/blog\/index.php?rest_route=%2Fwp%2Fv2%2Fcomments&post=4480"}],"version-history":[{"count":0,"href":"https:\/\/historiadofutebol.com\/blog\/index.php?rest_route=\/wp\/v2\/posts\/4480\/revisions"}],"wp:attachment":[{"href":"https:\/\/historiadofutebol.com\/blog\/index.php?rest_route=%2Fwp%2Fv2%2Fmedia&parent=4480"}],"wp:term":[{"taxonomy":"category","embeddable":true,"href":"https:\/\/historiadofutebol.com\/blog\/index.php?rest_route=%2Fwp%2Fv2%2Fcategories&post=4480"},{"taxonomy":"post_tag","embeddable":true,"href":"https:\/\/historiadofutebol.com\/blog\/index.php?rest_route=%2Fwp%2Fv2%2Ftags&post=4480"}],"curies":[{"name":"wp","href":"https:\/\/api.w.org\/{rel}","templated":true}]}}