{"id":44628,"date":"2012-12-19T01:21:50","date_gmt":"2012-12-19T03:21:50","guid":{"rendered":"https:\/\/historiadofutebol.com\/blog\/?p=44628"},"modified":"2012-12-19T01:39:33","modified_gmt":"2012-12-19T03:39:33","slug":"posteres-oficiais-da-copario-de-janeiro","status":"publish","type":"post","link":"https:\/\/historiadofutebol.com\/blog\/?p=44628","title":{"rendered":"P\u00f4steres Oficiais da Copa:Rio de Janeiro"},"content":{"rendered":"<p>O ano de 2012 vai chegando ao fim e o clima de Copa do Mundo come\u00e7a, lentamente, a tomar conta do Brasil. As 12 cidades sedes da Copa do Mundo 2014 apresentaram os seus cartazes\u00a0 no final de novembro e cada cidade apostou em uma caracter\u00edstica pr\u00f3pria.<\/p>\n<p style=\"text-align: center;\">O Rio de Janeiro apresentou o P\u00e3o de Acu\u00e7ar<\/p>\n<p style=\"text-align: center;\"><a href=\"https:\/\/historiadofutebol.com\/blog\/?attachment_id=44630\" rel=\"attachment wp-att-44630\"><img loading=\"lazy\" decoding=\"async\" class=\"aligncenter size-medium wp-image-44630\" title=\"1rj\" src=\"https:\/\/historiadofutebol.com\/blog\/wp-content\/uploads\/2012\/12\/1rj-225x300.jpg\" alt=\"\" width=\"225\" height=\"300\" srcset=\"https:\/\/historiadofutebol.com\/blog\/wp-content\/uploads\/2012\/12\/1rj-225x300.jpg 225w, https:\/\/historiadofutebol.com\/blog\/wp-content\/uploads\/2012\/12\/1rj.jpg 348w\" sizes=\"auto, (max-width: 225px) 100vw, 225px\" \/><\/a><\/p>\n","protected":false},"excerpt":{"rendered":"<p>O ano de 2012 vai chegando ao fim e o clima de Copa do Mundo come\u00e7a, lentamente, a tomar conta do Brasil. As 12 cidades sedes da Copa do Mundo 2014 apresentaram os seus cartazes\u00a0 no final de novembro e cada cidade apostou em uma caracter\u00edstica pr\u00f3pria. O Rio de Janeiro apresentou o P\u00e3o de [&hellip;]<\/p>\n","protected":false},"author":33,"featured_media":0,"comment_status":"open","ping_status":"closed","sticky":false,"template":"","format":"standard","meta":{"footnotes":""},"categories":[111,114,3],"tags":[],"class_list":["post-44628","post","type-post","status-publish","format-standard","hentry","category-ricardo-amaral","category-copas-do-mundo","category-historia-do-futebol"],"_links":{"self":[{"href":"https:\/\/historiadofutebol.com\/blog\/index.php?rest_route=\/wp\/v2\/posts\/44628","targetHints":{"allow":["GET"]}}],"collection":[{"href":"https:\/\/historiadofutebol.com\/blog\/index.php?rest_route=\/wp\/v2\/posts"}],"about":[{"href":"https:\/\/historiadofutebol.com\/blog\/index.php?rest_route=\/wp\/v2\/types\/post"}],"author":[{"embeddable":true,"href":"https:\/\/historiadofutebol.com\/blog\/index.php?rest_route=\/wp\/v2\/users\/33"}],"replies":[{"embeddable":true,"href":"https:\/\/historiadofutebol.com\/blog\/index.php?rest_route=%2Fwp%2Fv2%2Fcomments&post=44628"}],"version-history":[{"count":4,"href":"https:\/\/historiadofutebol.com\/blog\/index.php?rest_route=\/wp\/v2\/posts\/44628\/revisions"}],"predecessor-version":[{"id":44655,"href":"https:\/\/historiadofutebol.com\/blog\/index.php?rest_route=\/wp\/v2\/posts\/44628\/revisions\/44655"}],"wp:attachment":[{"href":"https:\/\/historiadofutebol.com\/blog\/index.php?rest_route=%2Fwp%2Fv2%2Fmedia&parent=44628"}],"wp:term":[{"taxonomy":"category","embeddable":true,"href":"https:\/\/historiadofutebol.com\/blog\/index.php?rest_route=%2Fwp%2Fv2%2Fcategories&post=44628"},{"taxonomy":"post_tag","embeddable":true,"href":"https:\/\/historiadofutebol.com\/blog\/index.php?rest_route=%2Fwp%2Fv2%2Ftags&post=44628"}],"curies":[{"name":"wp","href":"https:\/\/api.w.org\/{rel}","templated":true}]}}