{"id":4427,"date":"2009-03-02T13:27:29","date_gmt":"2009-03-02T15:27:29","guid":{"rendered":"http:\/\/blog.cacellain.com.br\/2009\/03\/02\/clubes-de-minas-gerais-clube-atletico-itabirano\/"},"modified":"2009-03-02T13:27:29","modified_gmt":"2009-03-02T15:27:29","slug":"clubes-de-minas-gerais-clube-atletico-itabirano","status":"publish","type":"post","link":"https:\/\/historiadofutebol.com\/blog\/?p=4427","title":{"rendered":"CLUBES DE MINAS GERAIS &#8211; CLUBE ATL\u00c9TICO ITABIRANO"},"content":{"rendered":"<p>NOME: CLUBE ATL\u00c9TICO ITABIRANO<\/p>\n<p>CIDADE: Itabira \/ MG<\/p>\n<p>FUNDA\u00c7\u00c3O: 27 de agosto de 1931<\/p>\n<p>CORES: azul \/ branco<\/p>\n<p>T\u00cdTULOS: Campe\u00e3o Amador de Itabira em 1946 e 1997<\/p>\n<p>[img:ITABIRANO_mg.jpg,thumb,centralizado]<\/p>\n<p>Agradecimento ao Jos\u00e9 Farah pelo redesenho do escudo<\/p>\n","protected":false},"excerpt":{"rendered":"<p>NOME: CLUBE ATL\u00c9TICO ITABIRANO CIDADE: Itabira \/ MG FUNDA\u00c7\u00c3O: 27 de agosto de 1931 CORES: azul \/ branco T\u00cdTULOS: Campe\u00e3o Amador de Itabira em 1946 e 1997 [img:ITABIRANO_mg.jpg,thumb,centralizado] Agradecimento ao Jos\u00e9 Farah pelo redesenho do escudo<\/p>\n","protected":false},"author":6,"featured_media":0,"comment_status":"open","ping_status":"closed","sticky":false,"template":"","format":"standard","meta":{"footnotes":""},"categories":[96,39],"tags":[],"class_list":["post-4427","post","type-post","status-publish","format-standard","hentry","category-julio-diogo","category-minas-gerais"],"_links":{"self":[{"href":"https:\/\/historiadofutebol.com\/blog\/index.php?rest_route=\/wp\/v2\/posts\/4427","targetHints":{"allow":["GET"]}}],"collection":[{"href":"https:\/\/historiadofutebol.com\/blog\/index.php?rest_route=\/wp\/v2\/posts"}],"about":[{"href":"https:\/\/historiadofutebol.com\/blog\/index.php?rest_route=\/wp\/v2\/types\/post"}],"author":[{"embeddable":true,"href":"https:\/\/historiadofutebol.com\/blog\/index.php?rest_route=\/wp\/v2\/users\/6"}],"replies":[{"embeddable":true,"href":"https:\/\/historiadofutebol.com\/blog\/index.php?rest_route=%2Fwp%2Fv2%2Fcomments&post=4427"}],"version-history":[{"count":0,"href":"https:\/\/historiadofutebol.com\/blog\/index.php?rest_route=\/wp\/v2\/posts\/4427\/revisions"}],"wp:attachment":[{"href":"https:\/\/historiadofutebol.com\/blog\/index.php?rest_route=%2Fwp%2Fv2%2Fmedia&parent=4427"}],"wp:term":[{"taxonomy":"category","embeddable":true,"href":"https:\/\/historiadofutebol.com\/blog\/index.php?rest_route=%2Fwp%2Fv2%2Fcategories&post=4427"},{"taxonomy":"post_tag","embeddable":true,"href":"https:\/\/historiadofutebol.com\/blog\/index.php?rest_route=%2Fwp%2Fv2%2Ftags&post=4427"}],"curies":[{"name":"wp","href":"https:\/\/api.w.org\/{rel}","templated":true}]}}