{"id":4413,"date":"2009-02-18T12:08:31","date_gmt":"2009-02-18T14:08:31","guid":{"rendered":"http:\/\/blog.cacellain.com.br\/2009\/02\/18\/clubes-de-minas-gerais-mangueira-futebol-clube\/"},"modified":"2009-02-18T12:08:31","modified_gmt":"2009-02-18T14:08:31","slug":"clubes-de-minas-gerais-mangueira-futebol-clube","status":"publish","type":"post","link":"https:\/\/historiadofutebol.com\/blog\/?p=4413","title":{"rendered":"CLUBES DE MINAS GERAIS &#8211; MANGUEIRA FUTEBOL CLUBE"},"content":{"rendered":"<p>NOME: MANGUEIRA FUTEBOL CLUBE<\/p>\n<p>ENDERE\u00c7O: Rua Coronel Jos\u00e9 Dutra, 507 &#8211; S\u00e3o Jo\u00e3o Nepomuceno \/ MG<\/p>\n<p>FUNDA\u00c7\u00c3O: 17 de fevereiro de 1918<\/p>\n<p>CORES OFICIAIS: vermelho \/ branco<\/p>\n<p>T\u00cdTULOS: Campe\u00e3o Municipal de 1975, 1994 e 1997 e Campe\u00e3o Regional de 1995<\/p>\n<p>Agradecimento a Nei Medina (S\u00e3o Jo\u00e3o Nepomuceno\/MG) e Jos\u00e9 Farah pelo redesenho do escudo.<\/p>\n<p>[img:MANGUEIRA_MG___julio.jpg,thumb,centralizado]<\/p>\n","protected":false},"excerpt":{"rendered":"<p>NOME: MANGUEIRA FUTEBOL CLUBE ENDERE\u00c7O: Rua Coronel Jos\u00e9 Dutra, 507 &#8211; S\u00e3o Jo\u00e3o Nepomuceno \/ MG FUNDA\u00c7\u00c3O: 17 de fevereiro de 1918 CORES OFICIAIS: vermelho \/ branco T\u00cdTULOS: Campe\u00e3o Municipal de 1975, 1994 e 1997 e Campe\u00e3o Regional de 1995 Agradecimento a Nei Medina (S\u00e3o Jo\u00e3o Nepomuceno\/MG) e Jos\u00e9 Farah pelo redesenho do escudo. [img:MANGUEIRA_MG___julio.jpg,thumb,centralizado]<\/p>\n","protected":false},"author":6,"featured_media":0,"comment_status":"open","ping_status":"closed","sticky":false,"template":"","format":"standard","meta":{"footnotes":""},"categories":[96,39],"tags":[],"class_list":["post-4413","post","type-post","status-publish","format-standard","hentry","category-julio-diogo","category-minas-gerais"],"_links":{"self":[{"href":"https:\/\/historiadofutebol.com\/blog\/index.php?rest_route=\/wp\/v2\/posts\/4413","targetHints":{"allow":["GET"]}}],"collection":[{"href":"https:\/\/historiadofutebol.com\/blog\/index.php?rest_route=\/wp\/v2\/posts"}],"about":[{"href":"https:\/\/historiadofutebol.com\/blog\/index.php?rest_route=\/wp\/v2\/types\/post"}],"author":[{"embeddable":true,"href":"https:\/\/historiadofutebol.com\/blog\/index.php?rest_route=\/wp\/v2\/users\/6"}],"replies":[{"embeddable":true,"href":"https:\/\/historiadofutebol.com\/blog\/index.php?rest_route=%2Fwp%2Fv2%2Fcomments&post=4413"}],"version-history":[{"count":0,"href":"https:\/\/historiadofutebol.com\/blog\/index.php?rest_route=\/wp\/v2\/posts\/4413\/revisions"}],"wp:attachment":[{"href":"https:\/\/historiadofutebol.com\/blog\/index.php?rest_route=%2Fwp%2Fv2%2Fmedia&parent=4413"}],"wp:term":[{"taxonomy":"category","embeddable":true,"href":"https:\/\/historiadofutebol.com\/blog\/index.php?rest_route=%2Fwp%2Fv2%2Fcategories&post=4413"},{"taxonomy":"post_tag","embeddable":true,"href":"https:\/\/historiadofutebol.com\/blog\/index.php?rest_route=%2Fwp%2Fv2%2Ftags&post=4413"}],"curies":[{"name":"wp","href":"https:\/\/api.w.org\/{rel}","templated":true}]}}