{"id":4411,"date":"2009-02-18T11:56:09","date_gmt":"2009-02-18T13:56:09","guid":{"rendered":"http:\/\/blog.cacellain.com.br\/2009\/02\/18\/clubes-de-minas-gerais-associacao-atletica-juventus\/"},"modified":"2009-02-18T11:56:09","modified_gmt":"2009-02-18T13:56:09","slug":"clubes-de-minas-gerais-associacao-atletica-juventus","status":"publish","type":"post","link":"https:\/\/historiadofutebol.com\/blog\/?p=4411","title":{"rendered":"CLUBES DE MINAS GERAIS &#8211; ASSOCIA\u00c7\u00c3O ATL\u00c9TICA JUVENTUS"},"content":{"rendered":"<p>NOME: ASSOCIA\u00c7\u00c3O ATL\u00c9TICA JUVENTUS<\/p>\n<p>CIDADE: Ituiutaba \/ MG<\/p>\n<p>FUNDA\u00c7\u00c3O:<\/p>\n<p>CORES OFICIAIS: vermelho \/ branco<\/p>\n<p>HIST\u00d3RICO: Campe\u00e3o Amador de Ituiutaba\/MG de 2008<\/p>\n<p>Agradecimento ao Jos\u00e9 farah pelo redesenho do escudo<\/p>\n<p>[img:JUVENTUS_ITUIUTABA.jpg,thumb,centralizado]<\/p>\n","protected":false},"excerpt":{"rendered":"<p>NOME: ASSOCIA\u00c7\u00c3O ATL\u00c9TICA JUVENTUS CIDADE: Ituiutaba \/ MG FUNDA\u00c7\u00c3O: CORES OFICIAIS: vermelho \/ branco HIST\u00d3RICO: Campe\u00e3o Amador de Ituiutaba\/MG de 2008 Agradecimento ao Jos\u00e9 farah pelo redesenho do escudo [img:JUVENTUS_ITUIUTABA.jpg,thumb,centralizado]<\/p>\n","protected":false},"author":6,"featured_media":0,"comment_status":"open","ping_status":"closed","sticky":false,"template":"","format":"standard","meta":{"footnotes":""},"categories":[96,39],"tags":[],"class_list":["post-4411","post","type-post","status-publish","format-standard","hentry","category-julio-diogo","category-minas-gerais"],"_links":{"self":[{"href":"https:\/\/historiadofutebol.com\/blog\/index.php?rest_route=\/wp\/v2\/posts\/4411","targetHints":{"allow":["GET"]}}],"collection":[{"href":"https:\/\/historiadofutebol.com\/blog\/index.php?rest_route=\/wp\/v2\/posts"}],"about":[{"href":"https:\/\/historiadofutebol.com\/blog\/index.php?rest_route=\/wp\/v2\/types\/post"}],"author":[{"embeddable":true,"href":"https:\/\/historiadofutebol.com\/blog\/index.php?rest_route=\/wp\/v2\/users\/6"}],"replies":[{"embeddable":true,"href":"https:\/\/historiadofutebol.com\/blog\/index.php?rest_route=%2Fwp%2Fv2%2Fcomments&post=4411"}],"version-history":[{"count":0,"href":"https:\/\/historiadofutebol.com\/blog\/index.php?rest_route=\/wp\/v2\/posts\/4411\/revisions"}],"wp:attachment":[{"href":"https:\/\/historiadofutebol.com\/blog\/index.php?rest_route=%2Fwp%2Fv2%2Fmedia&parent=4411"}],"wp:term":[{"taxonomy":"category","embeddable":true,"href":"https:\/\/historiadofutebol.com\/blog\/index.php?rest_route=%2Fwp%2Fv2%2Fcategories&post=4411"},{"taxonomy":"post_tag","embeddable":true,"href":"https:\/\/historiadofutebol.com\/blog\/index.php?rest_route=%2Fwp%2Fv2%2Ftags&post=4411"}],"curies":[{"name":"wp","href":"https:\/\/api.w.org\/{rel}","templated":true}]}}