{"id":42861,"date":"2012-11-19T21:21:54","date_gmt":"2012-11-19T23:21:54","guid":{"rendered":"https:\/\/historiadofutebol.com\/blog\/?p=42861"},"modified":"2012-11-19T21:23:31","modified_gmt":"2012-11-19T23:23:31","slug":"nacional-futebol-clube-forquetinha-rs","status":"publish","type":"post","link":"https:\/\/historiadofutebol.com\/blog\/?p=42861","title":{"rendered":"Nacional Futebol Clube &#8211; Forquetinha (RS)"},"content":{"rendered":"<p><img loading=\"lazy\" decoding=\"async\" class=\"aligncenter size-medium wp-image-42864\" src=\"https:\/\/historiadofutebol.com\/blog\/wp-content\/uploads\/2012\/11\/Nacional-FC-Forquetinha-novo1-300x300.jpg\" alt=\"\" width=\"300\" height=\"300\" srcset=\"https:\/\/historiadofutebol.com\/blog\/wp-content\/uploads\/2012\/11\/Nacional-FC-Forquetinha-novo1-300x300.jpg 300w, https:\/\/historiadofutebol.com\/blog\/wp-content\/uploads\/2012\/11\/Nacional-FC-Forquetinha-novo1-150x150.jpg 150w, https:\/\/historiadofutebol.com\/blog\/wp-content\/uploads\/2012\/11\/Nacional-FC-Forquetinha-novo1-500x500.jpg 500w, https:\/\/historiadofutebol.com\/blog\/wp-content\/uploads\/2012\/11\/Nacional-FC-Forquetinha-novo1-96x96.jpg 96w, https:\/\/historiadofutebol.com\/blog\/wp-content\/uploads\/2012\/11\/Nacional-FC-Forquetinha-novo1-24x24.jpg 24w, https:\/\/historiadofutebol.com\/blog\/wp-content\/uploads\/2012\/11\/Nacional-FC-Forquetinha-novo1-36x36.jpg 36w, https:\/\/historiadofutebol.com\/blog\/wp-content\/uploads\/2012\/11\/Nacional-FC-Forquetinha-novo1-48x48.jpg 48w, https:\/\/historiadofutebol.com\/blog\/wp-content\/uploads\/2012\/11\/Nacional-FC-Forquetinha-novo1-64x64.jpg 64w, https:\/\/historiadofutebol.com\/blog\/wp-content\/uploads\/2012\/11\/Nacional-FC-Forquetinha-novo1.jpg 573w\" sizes=\"auto, (max-width: 300px) 100vw, 300px\" \/><\/p>\n<p>O<strong><em> Nacional Futebol Clube<\/em><\/strong> \u00e9 uma agremia\u00e7\u00e3o do Munic\u00edpio de Forquetinha (RS). Fundado no dia 15 de Setembro de 1962.<\/p>\n<p><img loading=\"lazy\" decoding=\"async\" class=\"aligncenter size-full wp-image-42866\" src=\"https:\/\/historiadofutebol.com\/blog\/wp-content\/uploads\/2012\/11\/Nacional-FC-2.jpeg\" alt=\"\" width=\"500\" height=\"375\" srcset=\"https:\/\/historiadofutebol.com\/blog\/wp-content\/uploads\/2012\/11\/Nacional-FC-2.jpeg 500w, https:\/\/historiadofutebol.com\/blog\/wp-content\/uploads\/2012\/11\/Nacional-FC-2-300x225.jpg 300w\" sizes=\"auto, (max-width: 500px) 100vw, 500px\" \/><\/p>\n<p>&nbsp;<\/p>\n<p><img loading=\"lazy\" decoding=\"async\" class=\"aligncenter size-full wp-image-42867\" src=\"https:\/\/historiadofutebol.com\/blog\/wp-content\/uploads\/2012\/11\/02941_g.jpg\" alt=\"\" width=\"400\" height=\"300\" srcset=\"https:\/\/historiadofutebol.com\/blog\/wp-content\/uploads\/2012\/11\/02941_g.jpg 400w, https:\/\/historiadofutebol.com\/blog\/wp-content\/uploads\/2012\/11\/02941_g-300x225.jpg 300w\" sizes=\"auto, (max-width: 400px) 100vw, 400px\" \/><\/p>\n<p>&nbsp;<\/p>\n<p><strong><em>FOTOS:<\/em><\/strong><em> Arquivo pessoal de Ros\u00e9lio Basei \/ P\u00f3rtico de acesso ao Nacional Futebol Clube <\/em><\/p>\n","protected":false},"excerpt":{"rendered":"<p>O Nacional Futebol Clube \u00e9 uma agremia\u00e7\u00e3o do Munic\u00edpio de Forquetinha (RS). Fundado no dia 15 de Setembro de 1962. &nbsp; &nbsp; FOTOS: Arquivo pessoal de Ros\u00e9lio Basei \/ P\u00f3rtico de acesso ao Nacional Futebol Clube<\/p>\n","protected":false},"author":55,"featured_media":0,"comment_status":"open","ping_status":"closed","sticky":false,"template":"","format":"standard","meta":{"footnotes":""},"categories":[203,187,59,118,46],"tags":[],"class_list":["post-42861","post","type-post","status-publish","format-standard","hentry","category-sergio-mello","category-roselio-basei","category-escudos","category-futebol-amador-varzeano","category-rg-do-sul"],"_links":{"self":[{"href":"https:\/\/historiadofutebol.com\/blog\/index.php?rest_route=\/wp\/v2\/posts\/42861","targetHints":{"allow":["GET"]}}],"collection":[{"href":"https:\/\/historiadofutebol.com\/blog\/index.php?rest_route=\/wp\/v2\/posts"}],"about":[{"href":"https:\/\/historiadofutebol.com\/blog\/index.php?rest_route=\/wp\/v2\/types\/post"}],"author":[{"embeddable":true,"href":"https:\/\/historiadofutebol.com\/blog\/index.php?rest_route=\/wp\/v2\/users\/55"}],"replies":[{"embeddable":true,"href":"https:\/\/historiadofutebol.com\/blog\/index.php?rest_route=%2Fwp%2Fv2%2Fcomments&post=42861"}],"version-history":[{"count":3,"href":"https:\/\/historiadofutebol.com\/blog\/index.php?rest_route=\/wp\/v2\/posts\/42861\/revisions"}],"predecessor-version":[{"id":42882,"href":"https:\/\/historiadofutebol.com\/blog\/index.php?rest_route=\/wp\/v2\/posts\/42861\/revisions\/42882"}],"wp:attachment":[{"href":"https:\/\/historiadofutebol.com\/blog\/index.php?rest_route=%2Fwp%2Fv2%2Fmedia&parent=42861"}],"wp:term":[{"taxonomy":"category","embeddable":true,"href":"https:\/\/historiadofutebol.com\/blog\/index.php?rest_route=%2Fwp%2Fv2%2Fcategories&post=42861"},{"taxonomy":"post_tag","embeddable":true,"href":"https:\/\/historiadofutebol.com\/blog\/index.php?rest_route=%2Fwp%2Fv2%2Ftags&post=42861"}],"curies":[{"name":"wp","href":"https:\/\/api.w.org\/{rel}","templated":true}]}}