{"id":42151,"date":"2012-11-09T18:33:33","date_gmt":"2012-11-09T20:33:33","guid":{"rendered":"https:\/\/historiadofutebol.com\/blog\/?p=42151"},"modified":"2012-11-09T18:33:33","modified_gmt":"2012-11-09T20:33:33","slug":"sport-club-benfica-campeao-carioca-de-1929","status":"publish","type":"post","link":"https:\/\/historiadofutebol.com\/blog\/?p=42151","title":{"rendered":"SPORT CLUB BENFICA &#8211; CAMPE\u00c3O CARIOCA DE 1929"},"content":{"rendered":"<p>Em 1929 era disputado o Campeonato Carioca pela <strong>LIGA BRASILEIRA DE DESPORTOS<\/strong>, considerada uma Sub-Liga da Associa\u00e7\u00e3o Metropolitana de Esportes Atl\u00e9ticos. O t\u00edtulo deste ano ficou com o <strong>SPORT CLUB BENFICA<\/strong> do bairro do mesmo nome, na cidade do Rio de Janeiro. Abaixo a campanha da equipe na conquista do t\u00edtulo:<\/p>\n<p>&nbsp;<\/p>\n<table border=\"0\" cellspacing=\"0\" cellpadding=\"0\">\n<tbody>\n<tr>\n<td valign=\"top\" width=\"82\">\n<p align=\"center\"><strong><em>DATA<\/em><\/strong><\/p>\n<\/td>\n<td valign=\"top\" width=\"152\">&nbsp;<\/td>\n<td valign=\"top\" width=\"27\">\n<p align=\"center\">\u00a0<\/p>\n<\/td>\n<td valign=\"top\" width=\"27\">\n<p align=\"center\">\u00a0<\/p>\n<\/td>\n<td valign=\"top\" width=\"27\">\n<p align=\"center\">\u00a0<\/p>\n<\/td>\n<td valign=\"top\" width=\"161\">&nbsp;<\/td>\n<td valign=\"top\" width=\"156\"><strong><em>LOCAL<\/em><\/strong><\/td>\n<\/tr>\n<tr>\n<td valign=\"top\" width=\"82\">\n<p align=\"center\">05.05.1929<\/p>\n<\/td>\n<td valign=\"top\" width=\"152\">BENFICA<\/td>\n<td valign=\"top\" width=\"27\">\n<p align=\"center\">6<\/p>\n<\/td>\n<td valign=\"top\" width=\"27\">\n<p align=\"center\">X<\/p>\n<\/td>\n<td valign=\"top\" width=\"27\">\n<p align=\"center\">1<\/p>\n<\/td>\n<td valign=\"top\" width=\"161\">DUBLIN FC<\/td>\n<td valign=\"top\" width=\"156\">RIO DE JANEIRO<\/td>\n<\/tr>\n<tr>\n<td valign=\"top\" width=\"82\">\n<p align=\"center\">26.05.1929<\/p>\n<\/td>\n<td valign=\"top\" width=\"152\">BENFICA<\/td>\n<td valign=\"top\" width=\"27\">\n<p align=\"center\">1<\/p>\n<\/td>\n<td valign=\"top\" width=\"27\">\n<p align=\"center\">X<\/p>\n<\/td>\n<td valign=\"top\" width=\"27\">\n<p align=\"center\">2<\/p>\n<\/td>\n<td valign=\"top\" width=\"161\">SC UNI\u00c3O<\/td>\n<td valign=\"top\" width=\"156\">RIO DE JANEIRO<\/td>\n<\/tr>\n<tr>\n<td valign=\"top\" width=\"82\">\n<p align=\"center\">09.06.1929<\/p>\n<\/td>\n<td valign=\"top\" width=\"152\">BENFICA<\/td>\n<td valign=\"top\" width=\"27\">\n<p align=\"center\">3<\/p>\n<\/td>\n<td valign=\"top\" width=\"27\">\n<p align=\"center\">X<\/p>\n<\/td>\n<td valign=\"top\" width=\"27\">\n<p align=\"center\">1<\/p>\n<\/td>\n<td valign=\"top\" width=\"161\">SC ORIENTE<\/td>\n<td valign=\"top\" width=\"156\">RIO DE JANEIRO<\/td>\n<\/tr>\n<tr>\n<td valign=\"top\" width=\"82\">\n<p align=\"center\">16.06.1929<\/p>\n<\/td>\n<td valign=\"top\" width=\"152\">BENFICA<\/td>\n<td valign=\"top\" width=\"27\">\n<p align=\"center\">1<\/p>\n<\/td>\n<td valign=\"top\" width=\"27\">\n<p align=\"center\">X<\/p>\n<\/td>\n<td valign=\"top\" width=\"27\">\n<p align=\"center\">1<\/p>\n<\/td>\n<td valign=\"top\" width=\"161\">SC AFRICANO<\/td>\n<td valign=\"top\" width=\"156\">RIO DE JANEIRO<\/td>\n<\/tr>\n<tr>\n<td valign=\"top\" width=\"82\">\n<p align=\"center\">14.07.1929<\/p>\n<\/td>\n<td valign=\"top\" width=\"152\">BENFICA<\/td>\n<td valign=\"top\" width=\"27\">\n<p align=\"center\">1<\/p>\n<\/td>\n<td valign=\"top\" width=\"27\">\n<p align=\"center\">X<\/p>\n<\/td>\n<td valign=\"top\" width=\"27\">\n<p align=\"center\">1<\/p>\n<\/td>\n<td valign=\"top\" width=\"161\">MUNICIPAL FC<\/td>\n<td valign=\"top\" width=\"156\">RIO DE JANEIRO<\/td>\n<\/tr>\n<tr>\n<td valign=\"top\" width=\"82\">\n<p align=\"center\">25.08.1929<\/p>\n<\/td>\n<td valign=\"top\" width=\"152\">BENFICA<\/td>\n<td valign=\"top\" width=\"27\">\n<p align=\"center\">3<\/p>\n<\/td>\n<td valign=\"top\" width=\"27\">\n<p align=\"center\">X<\/p>\n<\/td>\n<td valign=\"top\" width=\"27\">\n<p align=\"center\">3<\/p>\n<\/td>\n<td valign=\"top\" width=\"161\">AA PORTUGUESA<\/td>\n<td valign=\"top\" width=\"156\">RIO DE JANEIRO<\/td>\n<\/tr>\n<tr>\n<td valign=\"top\" width=\"82\">\n<p align=\"center\">01.09.1929<\/p>\n<\/td>\n<td valign=\"top\" width=\"152\">BENFICA<\/td>\n<td valign=\"top\" width=\"27\">\n<p align=\"center\">3<\/p>\n<\/td>\n<td valign=\"top\" width=\"27\">\n<p align=\"center\">X<\/p>\n<\/td>\n<td valign=\"top\" width=\"27\">\n<p align=\"center\">1<\/p>\n<\/td>\n<td valign=\"top\" width=\"161\">SC UNI\u00c3O<\/td>\n<td valign=\"top\" width=\"156\">RIO DE JANEIRO<\/td>\n<\/tr>\n<tr>\n<td valign=\"top\" width=\"82\">\n<p align=\"center\">08.09.1929<\/p>\n<\/td>\n<td valign=\"top\" width=\"152\">BENFICA<\/td>\n<td valign=\"top\" width=\"27\">\n<p align=\"center\">6<\/p>\n<\/td>\n<td valign=\"top\" width=\"27\">\n<p align=\"center\">X<\/p>\n<\/td>\n<td valign=\"top\" width=\"27\">\n<p align=\"center\">1<\/p>\n<\/td>\n<td valign=\"top\" width=\"161\">SC ORIENTE<\/td>\n<td valign=\"top\" width=\"156\">RIO DE JANEIRO<\/td>\n<\/tr>\n<tr>\n<td valign=\"top\" width=\"82\">\n<p align=\"center\">22.09.1929<\/p>\n<\/td>\n<td valign=\"top\" width=\"152\">BENFICA<\/td>\n<td valign=\"top\" width=\"27\">\n<p align=\"center\">5<\/p>\n<\/td>\n<td valign=\"top\" width=\"27\">\n<p align=\"center\">X<\/p>\n<\/td>\n<td valign=\"top\" width=\"27\">\n<p align=\"center\">1<\/p>\n<\/td>\n<td valign=\"top\" width=\"161\">AA PORTUGUESA<\/td>\n<td valign=\"top\" width=\"156\">RIO DE JANEIRO<\/td>\n<\/tr>\n<tr>\n<td valign=\"top\" width=\"82\">\n<p align=\"center\">29.09.1929<\/p>\n<\/td>\n<td valign=\"top\" width=\"152\">BENFICA<\/td>\n<td valign=\"top\" width=\"27\">\n<p align=\"center\">6<\/p>\n<\/td>\n<td valign=\"top\" width=\"27\">\n<p align=\"center\">X<\/p>\n<\/td>\n<td valign=\"top\" width=\"27\">\n<p align=\"center\">0<\/p>\n<\/td>\n<td valign=\"top\" width=\"161\">SC AFRICANO<\/td>\n<td valign=\"top\" width=\"156\">RIO DE JANEIRO<\/td>\n<\/tr>\n<\/tbody>\n<\/table>\n","protected":false},"excerpt":{"rendered":"<p>Em 1929 era disputado o Campeonato Carioca pela LIGA BRASILEIRA DE DESPORTOS, considerada uma Sub-Liga da Associa\u00e7\u00e3o Metropolitana de Esportes Atl\u00e9ticos. O t\u00edtulo deste ano ficou com o SPORT CLUB BENFICA do bairro do mesmo nome, na cidade do Rio de Janeiro. Abaixo a campanha da equipe na conquista do t\u00edtulo: &nbsp; DATA &nbsp; \u00a0 [&hellip;]<\/p>\n","protected":false},"author":6,"featured_media":0,"comment_status":"open","ping_status":"closed","sticky":false,"template":"","format":"standard","meta":{"footnotes":""},"categories":[96,109,47],"tags":[],"class_list":["post-42151","post","type-post","status-publish","format-standard","hentry","category-julio-diogo","category-campeonatos-historicos","category-rio-de-janeiro"],"_links":{"self":[{"href":"https:\/\/historiadofutebol.com\/blog\/index.php?rest_route=\/wp\/v2\/posts\/42151","targetHints":{"allow":["GET"]}}],"collection":[{"href":"https:\/\/historiadofutebol.com\/blog\/index.php?rest_route=\/wp\/v2\/posts"}],"about":[{"href":"https:\/\/historiadofutebol.com\/blog\/index.php?rest_route=\/wp\/v2\/types\/post"}],"author":[{"embeddable":true,"href":"https:\/\/historiadofutebol.com\/blog\/index.php?rest_route=\/wp\/v2\/users\/6"}],"replies":[{"embeddable":true,"href":"https:\/\/historiadofutebol.com\/blog\/index.php?rest_route=%2Fwp%2Fv2%2Fcomments&post=42151"}],"version-history":[{"count":2,"href":"https:\/\/historiadofutebol.com\/blog\/index.php?rest_route=\/wp\/v2\/posts\/42151\/revisions"}],"predecessor-version":[{"id":42298,"href":"https:\/\/historiadofutebol.com\/blog\/index.php?rest_route=\/wp\/v2\/posts\/42151\/revisions\/42298"}],"wp:attachment":[{"href":"https:\/\/historiadofutebol.com\/blog\/index.php?rest_route=%2Fwp%2Fv2%2Fmedia&parent=42151"}],"wp:term":[{"taxonomy":"category","embeddable":true,"href":"https:\/\/historiadofutebol.com\/blog\/index.php?rest_route=%2Fwp%2Fv2%2Fcategories&post=42151"},{"taxonomy":"post_tag","embeddable":true,"href":"https:\/\/historiadofutebol.com\/blog\/index.php?rest_route=%2Fwp%2Fv2%2Ftags&post=42151"}],"curies":[{"name":"wp","href":"https:\/\/api.w.org\/{rel}","templated":true}]}}