{"id":42085,"date":"2012-11-07T17:07:37","date_gmt":"2012-11-07T19:07:37","guid":{"rendered":"https:\/\/historiadofutebol.com\/blog\/?p=42085"},"modified":"2012-11-07T17:07:37","modified_gmt":"2012-11-07T19:07:37","slug":"so-para-parar-o-artilheiro","status":"publish","type":"post","link":"https:\/\/historiadofutebol.com\/blog\/?p=42085","title":{"rendered":"S\u00d3 PARA PARAR O ARTILHEIRO."},"content":{"rendered":"<p align=\"center\">\n<p align=\"center\">\u00a0<a href=\"https:\/\/historiadofutebol.com\/blog\/?attachment_id=42086\" rel=\"attachment wp-att-42086\"><img loading=\"lazy\" decoding=\"async\" class=\"aligncenter size-thumbnail wp-image-42086\" src=\"https:\/\/historiadofutebol.com\/blog\/wp-content\/uploads\/2012\/11\/Remi-150x150.jpg\" alt=\"\" width=\"150\" height=\"150\" srcset=\"https:\/\/historiadofutebol.com\/blog\/wp-content\/uploads\/2012\/11\/Remi-150x150.jpg 150w, https:\/\/historiadofutebol.com\/blog\/wp-content\/uploads\/2012\/11\/Remi-96x96.jpg 96w, https:\/\/historiadofutebol.com\/blog\/wp-content\/uploads\/2012\/11\/Remi-24x24.jpg 24w, https:\/\/historiadofutebol.com\/blog\/wp-content\/uploads\/2012\/11\/Remi-36x36.jpg 36w, https:\/\/historiadofutebol.com\/blog\/wp-content\/uploads\/2012\/11\/Remi-48x48.jpg 48w, https:\/\/historiadofutebol.com\/blog\/wp-content\/uploads\/2012\/11\/Remi-64x64.jpg 64w\" sizes=\"auto, (max-width: 150px) 100vw, 150px\" \/><\/a><\/p>\n<p>Poucos s\u00e3o os goleiros que podem se orgulhar de defender dois p\u00eanaltis no mesmo jogo. Ainda mais quando o duelo \u00e9 contra o ex-centroavante s\u00e3o-paulino Careca, matador de fama internacional. O ex-arqueiro gremista Remi \u00e9 um deles. Aconteceu em uma partida no Morumbi, pelo Campeonato Brasileiro de 1983, que terminou empatada em 2&#215;2. Naquele dia, 23 de abril, Careca bateu dois p\u00eanaltis a favor do tricolor paulista no mesmo canto direito. E Remi foi buscar os dois. Depois, enquanto Careca conhecia a fama na It\u00e1lia jogando ao lado de Maradona, o goleiro gremista encerrava sua carreira em sil\u00eancio.<\/p>\n<p>Fonte: Revista Placar.<\/p>\n","protected":false},"excerpt":{"rendered":"<p>\u00a0 Poucos s\u00e3o os goleiros que podem se orgulhar de defender dois p\u00eanaltis no mesmo jogo. Ainda mais quando o duelo \u00e9 contra o ex-centroavante s\u00e3o-paulino Careca, matador de fama internacional. O ex-arqueiro gremista Remi \u00e9 um deles. Aconteceu em uma partida no Morumbi, pelo Campeonato Brasileiro de 1983, que terminou empatada em 2&#215;2. Naquele [&hellip;]<\/p>\n","protected":false},"author":25,"featured_media":0,"comment_status":"open","ping_status":"closed","sticky":false,"template":"","format":"standard","meta":{"footnotes":""},"categories":[210,3],"tags":[],"class_list":["post-42085","post","type-post","status-publish","format-standard","hentry","category-gilvanir-alves","category-historia-do-futebol"],"_links":{"self":[{"href":"https:\/\/historiadofutebol.com\/blog\/index.php?rest_route=\/wp\/v2\/posts\/42085","targetHints":{"allow":["GET"]}}],"collection":[{"href":"https:\/\/historiadofutebol.com\/blog\/index.php?rest_route=\/wp\/v2\/posts"}],"about":[{"href":"https:\/\/historiadofutebol.com\/blog\/index.php?rest_route=\/wp\/v2\/types\/post"}],"author":[{"embeddable":true,"href":"https:\/\/historiadofutebol.com\/blog\/index.php?rest_route=\/wp\/v2\/users\/25"}],"replies":[{"embeddable":true,"href":"https:\/\/historiadofutebol.com\/blog\/index.php?rest_route=%2Fwp%2Fv2%2Fcomments&post=42085"}],"version-history":[{"count":3,"href":"https:\/\/historiadofutebol.com\/blog\/index.php?rest_route=\/wp\/v2\/posts\/42085\/revisions"}],"predecessor-version":[{"id":42089,"href":"https:\/\/historiadofutebol.com\/blog\/index.php?rest_route=\/wp\/v2\/posts\/42085\/revisions\/42089"}],"wp:attachment":[{"href":"https:\/\/historiadofutebol.com\/blog\/index.php?rest_route=%2Fwp%2Fv2%2Fmedia&parent=42085"}],"wp:term":[{"taxonomy":"category","embeddable":true,"href":"https:\/\/historiadofutebol.com\/blog\/index.php?rest_route=%2Fwp%2Fv2%2Fcategories&post=42085"},{"taxonomy":"post_tag","embeddable":true,"href":"https:\/\/historiadofutebol.com\/blog\/index.php?rest_route=%2Fwp%2Fv2%2Ftags&post=42085"}],"curies":[{"name":"wp","href":"https:\/\/api.w.org\/{rel}","templated":true}]}}