{"id":41591,"date":"2012-10-20T23:15:33","date_gmt":"2012-10-21T02:15:33","guid":{"rendered":"https:\/\/historiadofutebol.com\/blog\/?p=41591"},"modified":"2012-10-20T23:15:33","modified_gmt":"2012-10-21T02:15:33","slug":"esporte-clube-sao-geraldo-bauru-sp","status":"publish","type":"post","link":"https:\/\/historiadofutebol.com\/blog\/?p=41591","title":{"rendered":"Esporte Clube S\u00e3o Geraldo &#8211; Bauru (SP)"},"content":{"rendered":"<div><img loading=\"lazy\" decoding=\"async\" class=\"aligncenter size-medium wp-image-41593\" src=\"https:\/\/historiadofutebol.com\/blog\/wp-content\/uploads\/2012\/10\/EC-Sao-Geraldo-Bauru-2011-300x300.jpg\" alt=\"\" width=\"300\" height=\"300\" srcset=\"https:\/\/historiadofutebol.com\/blog\/wp-content\/uploads\/2012\/10\/EC-Sao-Geraldo-Bauru-2011-300x300.jpg 300w, https:\/\/historiadofutebol.com\/blog\/wp-content\/uploads\/2012\/10\/EC-Sao-Geraldo-Bauru-2011-150x150.jpg 150w, https:\/\/historiadofutebol.com\/blog\/wp-content\/uploads\/2012\/10\/EC-Sao-Geraldo-Bauru-2011-500x500.jpg 500w, https:\/\/historiadofutebol.com\/blog\/wp-content\/uploads\/2012\/10\/EC-Sao-Geraldo-Bauru-2011-96x96.jpg 96w, https:\/\/historiadofutebol.com\/blog\/wp-content\/uploads\/2012\/10\/EC-Sao-Geraldo-Bauru-2011-24x24.jpg 24w, https:\/\/historiadofutebol.com\/blog\/wp-content\/uploads\/2012\/10\/EC-Sao-Geraldo-Bauru-2011-36x36.jpg 36w, https:\/\/historiadofutebol.com\/blog\/wp-content\/uploads\/2012\/10\/EC-Sao-Geraldo-Bauru-2011-48x48.jpg 48w, https:\/\/historiadofutebol.com\/blog\/wp-content\/uploads\/2012\/10\/EC-Sao-Geraldo-Bauru-2011-64x64.jpg 64w, https:\/\/historiadofutebol.com\/blog\/wp-content\/uploads\/2012\/10\/EC-Sao-Geraldo-Bauru-2011.jpg 579w\" sizes=\"auto, (max-width: 300px) 100vw, 300px\" \/><\/div>\n<div>O <strong><em>Esporte Clube S\u00e3o Geraldo <\/em><\/strong>\u00e9 uma agremia\u00e7\u00e3o da cidade de Bauru, no Interior Paulista. Fundado em 2011, a sua Sede fica localizado no\u00a0Bairro: Parque S\u00e3o Geraldo. O <strong><em>S\u00e3o Geraldo<\/em><\/strong> \u00e9 filiado \u00e0 <strong>Liga Bauruense de Futebol Amador <em>(LBFA)<\/em><\/strong>.<\/div>\n","protected":false},"excerpt":{"rendered":"<p>O Esporte Clube S\u00e3o Geraldo \u00e9 uma agremia\u00e7\u00e3o da cidade de Bauru, no Interior Paulista. Fundado em 2011, a sua Sede fica localizado no\u00a0Bairro: Parque S\u00e3o Geraldo. O S\u00e3o Geraldo \u00e9 filiado \u00e0 Liga Bauruense de Futebol Amador (LBFA).<\/p>\n","protected":false},"author":55,"featured_media":0,"comment_status":"open","ping_status":"closed","sticky":false,"template":"","format":"standard","meta":{"footnotes":""},"categories":[203,189,59,118,51],"tags":[],"class_list":["post-41591","post","type-post","status-publish","format-standard","hentry","category-sergio-mello","category-toninho-sereno","category-escudos","category-futebol-amador-varzeano","category-sao-paulo"],"_links":{"self":[{"href":"https:\/\/historiadofutebol.com\/blog\/index.php?rest_route=\/wp\/v2\/posts\/41591","targetHints":{"allow":["GET"]}}],"collection":[{"href":"https:\/\/historiadofutebol.com\/blog\/index.php?rest_route=\/wp\/v2\/posts"}],"about":[{"href":"https:\/\/historiadofutebol.com\/blog\/index.php?rest_route=\/wp\/v2\/types\/post"}],"author":[{"embeddable":true,"href":"https:\/\/historiadofutebol.com\/blog\/index.php?rest_route=\/wp\/v2\/users\/55"}],"replies":[{"embeddable":true,"href":"https:\/\/historiadofutebol.com\/blog\/index.php?rest_route=%2Fwp%2Fv2%2Fcomments&post=41591"}],"version-history":[{"count":2,"href":"https:\/\/historiadofutebol.com\/blog\/index.php?rest_route=\/wp\/v2\/posts\/41591\/revisions"}],"predecessor-version":[{"id":41629,"href":"https:\/\/historiadofutebol.com\/blog\/index.php?rest_route=\/wp\/v2\/posts\/41591\/revisions\/41629"}],"wp:attachment":[{"href":"https:\/\/historiadofutebol.com\/blog\/index.php?rest_route=%2Fwp%2Fv2%2Fmedia&parent=41591"}],"wp:term":[{"taxonomy":"category","embeddable":true,"href":"https:\/\/historiadofutebol.com\/blog\/index.php?rest_route=%2Fwp%2Fv2%2Fcategories&post=41591"},{"taxonomy":"post_tag","embeddable":true,"href":"https:\/\/historiadofutebol.com\/blog\/index.php?rest_route=%2Fwp%2Fv2%2Ftags&post=41591"}],"curies":[{"name":"wp","href":"https:\/\/api.w.org\/{rel}","templated":true}]}}