{"id":41388,"date":"2012-10-12T14:12:29","date_gmt":"2012-10-12T17:12:29","guid":{"rendered":"https:\/\/historiadofutebol.com\/blog\/?p=41388"},"modified":"2023-12-05T21:06:44","modified_gmt":"2023-12-06T00:06:44","slug":"associacao-esportiva-ouro-verde-bauru-sp","status":"publish","type":"post","link":"https:\/\/historiadofutebol.com\/blog\/?p=41388","title":{"rendered":"Associa\u00e7\u00e3o Esportiva Ouro Verde &#8211; Bauru (SP)"},"content":{"rendered":"<p><img loading=\"lazy\" decoding=\"async\" class=\"aligncenter size-medium wp-image-41383\" src=\"https:\/\/historiadofutebol.com\/blog\/wp-content\/uploads\/2012\/10\/AE-Ouro-Verde-Bauru-1993-300x300.jpg\" alt=\"\" width=\"300\" height=\"300\" srcset=\"https:\/\/historiadofutebol.com\/blog\/wp-content\/uploads\/2012\/10\/AE-Ouro-Verde-Bauru-1993-300x300.jpg 300w, https:\/\/historiadofutebol.com\/blog\/wp-content\/uploads\/2012\/10\/AE-Ouro-Verde-Bauru-1993-150x150.jpg 150w, https:\/\/historiadofutebol.com\/blog\/wp-content\/uploads\/2012\/10\/AE-Ouro-Verde-Bauru-1993-500x500.jpg 500w, https:\/\/historiadofutebol.com\/blog\/wp-content\/uploads\/2012\/10\/AE-Ouro-Verde-Bauru-1993-96x96.jpg 96w, https:\/\/historiadofutebol.com\/blog\/wp-content\/uploads\/2012\/10\/AE-Ouro-Verde-Bauru-1993-24x24.jpg 24w, https:\/\/historiadofutebol.com\/blog\/wp-content\/uploads\/2012\/10\/AE-Ouro-Verde-Bauru-1993-36x36.jpg 36w, https:\/\/historiadofutebol.com\/blog\/wp-content\/uploads\/2012\/10\/AE-Ouro-Verde-Bauru-1993-48x48.jpg 48w, https:\/\/historiadofutebol.com\/blog\/wp-content\/uploads\/2012\/10\/AE-Ouro-Verde-Bauru-1993-64x64.jpg 64w, https:\/\/historiadofutebol.com\/blog\/wp-content\/uploads\/2012\/10\/AE-Ouro-Verde-Bauru-1993.jpg 582w\" sizes=\"auto, (max-width: 300px) 100vw, 300px\" \/><\/p>\n<p>A <strong><em>Associa\u00e7\u00e3o Esportiva Ouro Verde<\/em><\/strong> \u00e9 uma agremia\u00e7\u00e3o da cidade de Bauru (SP). <strong><em>Fundado na segunda-feira, do dia 1\u00b0 de agosto de 1983<\/em><\/strong>, a sua <strong><em>Sede<\/em><\/strong> fica localizado na <strong><em>Rua Gabriel Morales, n\u00b0 116, no Bairro Jardim Ouro Verde, em Bauru\/SP<\/em><\/strong>. A <strong><em>A.E. Ouro Verde<\/em><\/strong> \u00e9 filiada a <em><strong>Liga Bauruense de Futebol Amador (LBF)<\/strong><\/em>.<\/p>\n","protected":false},"excerpt":{"rendered":"<p>A Associa\u00e7\u00e3o Esportiva Ouro Verde \u00e9 uma agremia\u00e7\u00e3o da cidade de Bauru (SP). Fundado na segunda-feira, do dia 1\u00b0 de agosto de 1983, a sua Sede fica localizado na Rua Gabriel Morales, n\u00b0 116, no Bairro Jardim Ouro Verde, em Bauru\/SP. A A.E. Ouro Verde \u00e9 filiada a Liga Bauruense de Futebol Amador (LBF).<\/p>\n","protected":false},"author":55,"featured_media":0,"comment_status":"open","ping_status":"closed","sticky":false,"template":"","format":"standard","meta":{"footnotes":""},"categories":[203,189,59,118,51],"tags":[],"class_list":["post-41388","post","type-post","status-publish","format-standard","hentry","category-sergio-mello","category-toninho-sereno","category-escudos","category-futebol-amador-varzeano","category-sao-paulo"],"_links":{"self":[{"href":"https:\/\/historiadofutebol.com\/blog\/index.php?rest_route=\/wp\/v2\/posts\/41388","targetHints":{"allow":["GET"]}}],"collection":[{"href":"https:\/\/historiadofutebol.com\/blog\/index.php?rest_route=\/wp\/v2\/posts"}],"about":[{"href":"https:\/\/historiadofutebol.com\/blog\/index.php?rest_route=\/wp\/v2\/types\/post"}],"author":[{"embeddable":true,"href":"https:\/\/historiadofutebol.com\/blog\/index.php?rest_route=\/wp\/v2\/users\/55"}],"replies":[{"embeddable":true,"href":"https:\/\/historiadofutebol.com\/blog\/index.php?rest_route=%2Fwp%2Fv2%2Fcomments&post=41388"}],"version-history":[{"count":5,"href":"https:\/\/historiadofutebol.com\/blog\/index.php?rest_route=\/wp\/v2\/posts\/41388\/revisions"}],"predecessor-version":[{"id":130989,"href":"https:\/\/historiadofutebol.com\/blog\/index.php?rest_route=\/wp\/v2\/posts\/41388\/revisions\/130989"}],"wp:attachment":[{"href":"https:\/\/historiadofutebol.com\/blog\/index.php?rest_route=%2Fwp%2Fv2%2Fmedia&parent=41388"}],"wp:term":[{"taxonomy":"category","embeddable":true,"href":"https:\/\/historiadofutebol.com\/blog\/index.php?rest_route=%2Fwp%2Fv2%2Fcategories&post=41388"},{"taxonomy":"post_tag","embeddable":true,"href":"https:\/\/historiadofutebol.com\/blog\/index.php?rest_route=%2Fwp%2Fv2%2Ftags&post=41388"}],"curies":[{"name":"wp","href":"https:\/\/api.w.org\/{rel}","templated":true}]}}