{"id":40971,"date":"2012-09-30T08:03:21","date_gmt":"2012-09-30T11:03:21","guid":{"rendered":"https:\/\/historiadofutebol.com\/blog\/?p=40971"},"modified":"2017-11-30T01:46:05","modified_gmt":"2017-11-30T03:46:05","slug":"santa-cruzpa","status":"publish","type":"post","link":"https:\/\/historiadofutebol.com\/blog\/?p=40971","title":{"rendered":"Santa Cruz\/PA"},"content":{"rendered":"<p><a href=\"https:\/\/historiadofutebol.com\/blog\/?attachment_id=40972\" rel=\"attachment wp-att-40972\"><img loading=\"lazy\" decoding=\"async\" class=\"aligncenter size-medium wp-image-40972\" title=\"BRA-PA-SANTACRUZSALINAS\" src=\"https:\/\/historiadofutebol.com\/blog\/wp-content\/uploads\/2012\/09\/BRA-PA-SANTACRUZSALINAS-300x277.png\" alt=\"\" width=\"300\" height=\"277\" srcset=\"https:\/\/historiadofutebol.com\/blog\/wp-content\/uploads\/2012\/09\/BRA-PA-SANTACRUZSALINAS-300x277.png 300w, https:\/\/historiadofutebol.com\/blog\/wp-content\/uploads\/2012\/09\/BRA-PA-SANTACRUZSALINAS.png 326w\" sizes=\"auto, (max-width: 300px) 100vw, 300px\" \/><\/a><\/p>\n<address>Nome: Associa\u00e7\u00e3o Atl\u00e9tica Santa Cruz<\/address>\n<address>Cidade: Salin\u00f3polis\/PA<\/address>\n<address>Funda\u00e7\u00e3o: 2001<\/address>\n<address>Cores: Vermelho, Preto e Branco<\/address>\n<address>Est\u00e1dio: M\u00e1rio Couto (Cout\u00e3o)<\/address>\n<address>Situa\u00e7\u00e3o: Segunda Divis\u00e3o Paraense em 2012<\/address>\n","protected":false},"excerpt":{"rendered":"<p>Nome: Associa\u00e7\u00e3o Atl\u00e9tica Santa Cruz Cidade: Salin\u00f3polis\/PA Funda\u00e7\u00e3o: 2001 Cores: Vermelho, Preto e Branco Est\u00e1dio: M\u00e1rio Couto (Cout\u00e3o) Situa\u00e7\u00e3o: Segunda Divis\u00e3o Paraense em 2012<\/p>\n","protected":false},"author":40,"featured_media":0,"comment_status":"open","ping_status":"closed","sticky":false,"template":"","format":"standard","meta":{"footnotes":""},"categories":[203,204,42],"tags":[],"class_list":["post-40971","post","type-post","status-publish","format-standard","hentry","category-sergio-mello","category-roberto-saraiva","category-para"],"_links":{"self":[{"href":"https:\/\/historiadofutebol.com\/blog\/index.php?rest_route=\/wp\/v2\/posts\/40971","targetHints":{"allow":["GET"]}}],"collection":[{"href":"https:\/\/historiadofutebol.com\/blog\/index.php?rest_route=\/wp\/v2\/posts"}],"about":[{"href":"https:\/\/historiadofutebol.com\/blog\/index.php?rest_route=\/wp\/v2\/types\/post"}],"author":[{"embeddable":true,"href":"https:\/\/historiadofutebol.com\/blog\/index.php?rest_route=\/wp\/v2\/users\/40"}],"replies":[{"embeddable":true,"href":"https:\/\/historiadofutebol.com\/blog\/index.php?rest_route=%2Fwp%2Fv2%2Fcomments&post=40971"}],"version-history":[{"count":4,"href":"https:\/\/historiadofutebol.com\/blog\/index.php?rest_route=\/wp\/v2\/posts\/40971\/revisions"}],"predecessor-version":[{"id":114369,"href":"https:\/\/historiadofutebol.com\/blog\/index.php?rest_route=\/wp\/v2\/posts\/40971\/revisions\/114369"}],"wp:attachment":[{"href":"https:\/\/historiadofutebol.com\/blog\/index.php?rest_route=%2Fwp%2Fv2%2Fmedia&parent=40971"}],"wp:term":[{"taxonomy":"category","embeddable":true,"href":"https:\/\/historiadofutebol.com\/blog\/index.php?rest_route=%2Fwp%2Fv2%2Fcategories&post=40971"},{"taxonomy":"post_tag","embeddable":true,"href":"https:\/\/historiadofutebol.com\/blog\/index.php?rest_route=%2Fwp%2Fv2%2Ftags&post=40971"}],"curies":[{"name":"wp","href":"https:\/\/api.w.org\/{rel}","templated":true}]}}