{"id":40924,"date":"2012-09-29T00:03:18","date_gmt":"2012-09-29T03:03:18","guid":{"rendered":"https:\/\/historiadofutebol.com\/blog\/?p=40924"},"modified":"2012-09-29T00:03:40","modified_gmt":"2012-09-29T03:03:40","slug":"a-r-alamedas-esporte-clube-jundiai-sp","status":"publish","type":"post","link":"https:\/\/historiadofutebol.com\/blog\/?p=40924","title":{"rendered":"A.R. Alamedas Esporte Clube &#8211; Jundia\u00ed (SP)"},"content":{"rendered":"<p>&nbsp;<\/p>\n<p><img loading=\"lazy\" decoding=\"async\" class=\"aligncenter size-medium wp-image-40925\" src=\"https:\/\/historiadofutebol.com\/blog\/wp-content\/uploads\/2012\/09\/Alamedas-RAEC-Jundiai-300x289.jpg\" alt=\"\" width=\"300\" height=\"289\" srcset=\"https:\/\/historiadofutebol.com\/blog\/wp-content\/uploads\/2012\/09\/Alamedas-RAEC-Jundiai-300x289.jpg 300w, https:\/\/historiadofutebol.com\/blog\/wp-content\/uploads\/2012\/09\/Alamedas-RAEC-Jundiai-500x482.jpg 500w, https:\/\/historiadofutebol.com\/blog\/wp-content\/uploads\/2012\/09\/Alamedas-RAEC-Jundiai-24x24.jpg 24w, https:\/\/historiadofutebol.com\/blog\/wp-content\/uploads\/2012\/09\/Alamedas-RAEC-Jundiai-36x36.jpg 36w, https:\/\/historiadofutebol.com\/blog\/wp-content\/uploads\/2012\/09\/Alamedas-RAEC-Jundiai.jpg 585w\" sizes=\"auto, (max-width: 300px) 100vw, 300px\" \/><\/p>\n<p>A <strong><em>Associa\u00e7\u00e3o Recreativa Alamedas Esporte Clube<\/em><\/strong> \u00e9 uma agremia\u00e7\u00e3o da cidade de Jundia\u00ed (SP).<\/p>\n","protected":false},"excerpt":{"rendered":"<p>&nbsp; A Associa\u00e7\u00e3o Recreativa Alamedas Esporte Clube \u00e9 uma agremia\u00e7\u00e3o da cidade de Jundia\u00ed (SP).<\/p>\n","protected":false},"author":55,"featured_media":0,"comment_status":"open","ping_status":"closed","sticky":false,"template":"","format":"standard","meta":{"footnotes":""},"categories":[203,132,59,118,51],"tags":[],"class_list":["post-40924","post","type-post","status-publish","format-standard","hentry","category-sergio-mello","category-rodrigo-oliveira","category-escudos","category-futebol-amador-varzeano","category-sao-paulo"],"_links":{"self":[{"href":"https:\/\/historiadofutebol.com\/blog\/index.php?rest_route=\/wp\/v2\/posts\/40924","targetHints":{"allow":["GET"]}}],"collection":[{"href":"https:\/\/historiadofutebol.com\/blog\/index.php?rest_route=\/wp\/v2\/posts"}],"about":[{"href":"https:\/\/historiadofutebol.com\/blog\/index.php?rest_route=\/wp\/v2\/types\/post"}],"author":[{"embeddable":true,"href":"https:\/\/historiadofutebol.com\/blog\/index.php?rest_route=\/wp\/v2\/users\/55"}],"replies":[{"embeddable":true,"href":"https:\/\/historiadofutebol.com\/blog\/index.php?rest_route=%2Fwp%2Fv2%2Fcomments&post=40924"}],"version-history":[{"count":2,"href":"https:\/\/historiadofutebol.com\/blog\/index.php?rest_route=\/wp\/v2\/posts\/40924\/revisions"}],"predecessor-version":[{"id":40927,"href":"https:\/\/historiadofutebol.com\/blog\/index.php?rest_route=\/wp\/v2\/posts\/40924\/revisions\/40927"}],"wp:attachment":[{"href":"https:\/\/historiadofutebol.com\/blog\/index.php?rest_route=%2Fwp%2Fv2%2Fmedia&parent=40924"}],"wp:term":[{"taxonomy":"category","embeddable":true,"href":"https:\/\/historiadofutebol.com\/blog\/index.php?rest_route=%2Fwp%2Fv2%2Fcategories&post=40924"},{"taxonomy":"post_tag","embeddable":true,"href":"https:\/\/historiadofutebol.com\/blog\/index.php?rest_route=%2Fwp%2Fv2%2Ftags&post=40924"}],"curies":[{"name":"wp","href":"https:\/\/api.w.org\/{rel}","templated":true}]}}