{"id":40916,"date":"2012-09-28T23:46:36","date_gmt":"2012-09-29T02:46:36","guid":{"rendered":"https:\/\/historiadofutebol.com\/blog\/?p=40916"},"modified":"2012-09-28T23:46:36","modified_gmt":"2012-09-29T02:46:36","slug":"esporte-clube-balsan-jundiai-sp","status":"publish","type":"post","link":"https:\/\/historiadofutebol.com\/blog\/?p=40916","title":{"rendered":"Esporte Clube Balsan &#8211; Jundia\u00ed (SP)"},"content":{"rendered":"<p><img loading=\"lazy\" decoding=\"async\" class=\"aligncenter size-medium wp-image-40917\" src=\"https:\/\/historiadofutebol.com\/blog\/wp-content\/uploads\/2012\/09\/EC-Balsan-Jundiai-300x274.jpg\" alt=\"\" width=\"300\" height=\"274\" srcset=\"https:\/\/historiadofutebol.com\/blog\/wp-content\/uploads\/2012\/09\/EC-Balsan-Jundiai-300x274.jpg 300w, https:\/\/historiadofutebol.com\/blog\/wp-content\/uploads\/2012\/09\/EC-Balsan-Jundiai-500x456.jpg 500w, https:\/\/historiadofutebol.com\/blog\/wp-content\/uploads\/2012\/09\/EC-Balsan-Jundiai.jpg 578w\" sizes=\"auto, (max-width: 300px) 100vw, 300px\" \/><\/p>\n<p>O <strong><em>Esporte Clube Balsan<\/em><\/strong> \u00e9 uma agremia\u00e7\u00e3o da cidade de\u00a0 Jundia\u00ed (SP).<\/p>\n","protected":false},"excerpt":{"rendered":"<p>O Esporte Clube Balsan \u00e9 uma agremia\u00e7\u00e3o da cidade de\u00a0 Jundia\u00ed (SP).<\/p>\n","protected":false},"author":55,"featured_media":0,"comment_status":"open","ping_status":"closed","sticky":false,"template":"","format":"standard","meta":{"footnotes":""},"categories":[203,132,59,118,51],"tags":[],"class_list":["post-40916","post","type-post","status-publish","format-standard","hentry","category-sergio-mello","category-rodrigo-oliveira","category-escudos","category-futebol-amador-varzeano","category-sao-paulo"],"_links":{"self":[{"href":"https:\/\/historiadofutebol.com\/blog\/index.php?rest_route=\/wp\/v2\/posts\/40916","targetHints":{"allow":["GET"]}}],"collection":[{"href":"https:\/\/historiadofutebol.com\/blog\/index.php?rest_route=\/wp\/v2\/posts"}],"about":[{"href":"https:\/\/historiadofutebol.com\/blog\/index.php?rest_route=\/wp\/v2\/types\/post"}],"author":[{"embeddable":true,"href":"https:\/\/historiadofutebol.com\/blog\/index.php?rest_route=\/wp\/v2\/users\/55"}],"replies":[{"embeddable":true,"href":"https:\/\/historiadofutebol.com\/blog\/index.php?rest_route=%2Fwp%2Fv2%2Fcomments&post=40916"}],"version-history":[{"count":1,"href":"https:\/\/historiadofutebol.com\/blog\/index.php?rest_route=\/wp\/v2\/posts\/40916\/revisions"}],"predecessor-version":[{"id":40918,"href":"https:\/\/historiadofutebol.com\/blog\/index.php?rest_route=\/wp\/v2\/posts\/40916\/revisions\/40918"}],"wp:attachment":[{"href":"https:\/\/historiadofutebol.com\/blog\/index.php?rest_route=%2Fwp%2Fv2%2Fmedia&parent=40916"}],"wp:term":[{"taxonomy":"category","embeddable":true,"href":"https:\/\/historiadofutebol.com\/blog\/index.php?rest_route=%2Fwp%2Fv2%2Fcategories&post=40916"},{"taxonomy":"post_tag","embeddable":true,"href":"https:\/\/historiadofutebol.com\/blog\/index.php?rest_route=%2Fwp%2Fv2%2Ftags&post=40916"}],"curies":[{"name":"wp","href":"https:\/\/api.w.org\/{rel}","templated":true}]}}