{"id":40856,"date":"2012-09-28T17:47:18","date_gmt":"2012-09-28T20:47:18","guid":{"rendered":"https:\/\/historiadofutebol.com\/blog\/?p=40856"},"modified":"2012-09-28T17:47:18","modified_gmt":"2012-09-28T20:47:18","slug":"nacional-atletico-clube-bauru-sp","status":"publish","type":"post","link":"https:\/\/historiadofutebol.com\/blog\/?p=40856","title":{"rendered":"Nacional Atl\u00e9tico Clube &#8211; Bauru (SP)"},"content":{"rendered":"<div><span style=\"font-size: small\"><\/span><\/div>\n<div>\n<div><img loading=\"lazy\" decoding=\"async\" class=\"aligncenter size-medium wp-image-40857\" src=\"https:\/\/historiadofutebol.com\/blog\/wp-content\/uploads\/2012\/09\/Nacional-AC-Bauru-1957-182x300.jpg\" alt=\"\" width=\"182\" height=\"300\" srcset=\"https:\/\/historiadofutebol.com\/blog\/wp-content\/uploads\/2012\/09\/Nacional-AC-Bauru-1957-182x300.jpg 182w, https:\/\/historiadofutebol.com\/blog\/wp-content\/uploads\/2012\/09\/Nacional-AC-Bauru-1957-304x500.jpg 304w, https:\/\/historiadofutebol.com\/blog\/wp-content\/uploads\/2012\/09\/Nacional-AC-Bauru-1957.jpg 428w\" sizes=\"auto, (max-width: 182px) 100vw, 182px\" \/><\/div>\n<div>\u00a0<\/div>\n<div>O <strong><em>Nacional Atl\u00e9tico<\/em><\/strong><strong><em> Clube<\/em><\/strong>\u00a0\u00e9 uma agremia\u00e7\u00e3o da cidade de Bauru (SP). <strong><em>O &#8216;Galo da Cardia&#8217;\u00a0foi\u00a0Fundado no dia\u00a029 de Mar\u00e7o de 1957<\/em><\/strong>. A sede do clube fica localizado na\u00a0Rua Rio de Janeiro, 2-51 &#8211; Bairro da Vila Cardia.. O\u00a0<strong><em> Galo da Cardia\u00a0<\/em><\/strong>disputa o Campeonato Citadino da Primeira Divis\u00e3o, organizada pela <strong>Liga Bauruense de Futebol Amador <em>(LBFA)<\/em><\/strong>.\u00a0<!--entry --><\/div>\n<\/div>\n","protected":false},"excerpt":{"rendered":"<p>\u00a0 O Nacional Atl\u00e9tico Clube\u00a0\u00e9 uma agremia\u00e7\u00e3o da cidade de Bauru (SP). O &#8216;Galo da Cardia&#8217;\u00a0foi\u00a0Fundado no dia\u00a029 de Mar\u00e7o de 1957. A sede do clube fica localizado na\u00a0Rua Rio de Janeiro, 2-51 &#8211; Bairro da Vila Cardia.. O\u00a0 Galo da Cardia\u00a0disputa o Campeonato Citadino da Primeira Divis\u00e3o, organizada pela Liga Bauruense de Futebol Amador [&hellip;]<\/p>\n","protected":false},"author":55,"featured_media":0,"comment_status":"open","ping_status":"closed","sticky":false,"template":"","format":"standard","meta":{"footnotes":""},"categories":[203,189,59,118,51],"tags":[],"class_list":["post-40856","post","type-post","status-publish","format-standard","hentry","category-sergio-mello","category-toninho-sereno","category-escudos","category-futebol-amador-varzeano","category-sao-paulo"],"_links":{"self":[{"href":"https:\/\/historiadofutebol.com\/blog\/index.php?rest_route=\/wp\/v2\/posts\/40856","targetHints":{"allow":["GET"]}}],"collection":[{"href":"https:\/\/historiadofutebol.com\/blog\/index.php?rest_route=\/wp\/v2\/posts"}],"about":[{"href":"https:\/\/historiadofutebol.com\/blog\/index.php?rest_route=\/wp\/v2\/types\/post"}],"author":[{"embeddable":true,"href":"https:\/\/historiadofutebol.com\/blog\/index.php?rest_route=\/wp\/v2\/users\/55"}],"replies":[{"embeddable":true,"href":"https:\/\/historiadofutebol.com\/blog\/index.php?rest_route=%2Fwp%2Fv2%2Fcomments&post=40856"}],"version-history":[{"count":1,"href":"https:\/\/historiadofutebol.com\/blog\/index.php?rest_route=\/wp\/v2\/posts\/40856\/revisions"}],"predecessor-version":[{"id":40858,"href":"https:\/\/historiadofutebol.com\/blog\/index.php?rest_route=\/wp\/v2\/posts\/40856\/revisions\/40858"}],"wp:attachment":[{"href":"https:\/\/historiadofutebol.com\/blog\/index.php?rest_route=%2Fwp%2Fv2%2Fmedia&parent=40856"}],"wp:term":[{"taxonomy":"category","embeddable":true,"href":"https:\/\/historiadofutebol.com\/blog\/index.php?rest_route=%2Fwp%2Fv2%2Fcategories&post=40856"},{"taxonomy":"post_tag","embeddable":true,"href":"https:\/\/historiadofutebol.com\/blog\/index.php?rest_route=%2Fwp%2Fv2%2Ftags&post=40856"}],"curies":[{"name":"wp","href":"https:\/\/api.w.org\/{rel}","templated":true}]}}