{"id":40826,"date":"2012-09-28T16:30:52","date_gmt":"2012-09-28T19:30:52","guid":{"rendered":"https:\/\/historiadofutebol.com\/blog\/?p=40826"},"modified":"2012-09-28T16:31:09","modified_gmt":"2012-09-28T19:31:09","slug":"comercial-futebol-clube-bauru-sp","status":"publish","type":"post","link":"https:\/\/historiadofutebol.com\/blog\/?p=40826","title":{"rendered":"Comercial Futebol Clube &#8211; Bauru (SP)"},"content":{"rendered":"<div><img loading=\"lazy\" decoding=\"async\" class=\"aligncenter size-medium wp-image-40818\" src=\"https:\/\/historiadofutebol.com\/blog\/wp-content\/uploads\/2012\/09\/Comercial-FC-Bauru-2007-258x300.jpg\" alt=\"\" width=\"258\" height=\"300\" srcset=\"https:\/\/historiadofutebol.com\/blog\/wp-content\/uploads\/2012\/09\/Comercial-FC-Bauru-2007-258x300.jpg 258w, https:\/\/historiadofutebol.com\/blog\/wp-content\/uploads\/2012\/09\/Comercial-FC-Bauru-2007-430x500.jpg 430w, https:\/\/historiadofutebol.com\/blog\/wp-content\/uploads\/2012\/09\/Comercial-FC-Bauru-2007.jpg 549w\" sizes=\"auto, (max-width: 258px) 100vw, 258px\" \/>O <strong><em>Comercial Futebol Clube <\/em><\/strong>\u00e9 uma agremia\u00e7\u00e3o da cidade de Bauru, no Interior Paulista (SP). <strong><em>F<\/em><\/strong><strong><em>undado em\u00a0 2007<\/em><\/strong>, o clube fica localizado no Bairro G\u00e9rson Franca. <strong><em>Curiosidade:<\/em><\/strong> o escudo foi inspirado no Jundia\u00ed Futebol\u00a0Clube.<\/div>\n","protected":false},"excerpt":{"rendered":"<p>O Comercial Futebol Clube \u00e9 uma agremia\u00e7\u00e3o da cidade de Bauru, no Interior Paulista (SP). Fundado em\u00a0 2007, o clube fica localizado no Bairro G\u00e9rson Franca. Curiosidade: o escudo foi inspirado no Jundia\u00ed Futebol\u00a0Clube.<\/p>\n","protected":false},"author":55,"featured_media":0,"comment_status":"open","ping_status":"closed","sticky":false,"template":"","format":"standard","meta":{"footnotes":""},"categories":[203,189,59,118,51],"tags":[],"class_list":["post-40826","post","type-post","status-publish","format-standard","hentry","category-sergio-mello","category-toninho-sereno","category-escudos","category-futebol-amador-varzeano","category-sao-paulo"],"_links":{"self":[{"href":"https:\/\/historiadofutebol.com\/blog\/index.php?rest_route=\/wp\/v2\/posts\/40826","targetHints":{"allow":["GET"]}}],"collection":[{"href":"https:\/\/historiadofutebol.com\/blog\/index.php?rest_route=\/wp\/v2\/posts"}],"about":[{"href":"https:\/\/historiadofutebol.com\/blog\/index.php?rest_route=\/wp\/v2\/types\/post"}],"author":[{"embeddable":true,"href":"https:\/\/historiadofutebol.com\/blog\/index.php?rest_route=\/wp\/v2\/users\/55"}],"replies":[{"embeddable":true,"href":"https:\/\/historiadofutebol.com\/blog\/index.php?rest_route=%2Fwp%2Fv2%2Fcomments&post=40826"}],"version-history":[{"count":2,"href":"https:\/\/historiadofutebol.com\/blog\/index.php?rest_route=\/wp\/v2\/posts\/40826\/revisions"}],"predecessor-version":[{"id":40828,"href":"https:\/\/historiadofutebol.com\/blog\/index.php?rest_route=\/wp\/v2\/posts\/40826\/revisions\/40828"}],"wp:attachment":[{"href":"https:\/\/historiadofutebol.com\/blog\/index.php?rest_route=%2Fwp%2Fv2%2Fmedia&parent=40826"}],"wp:term":[{"taxonomy":"category","embeddable":true,"href":"https:\/\/historiadofutebol.com\/blog\/index.php?rest_route=%2Fwp%2Fv2%2Fcategories&post=40826"},{"taxonomy":"post_tag","embeddable":true,"href":"https:\/\/historiadofutebol.com\/blog\/index.php?rest_route=%2Fwp%2Fv2%2Ftags&post=40826"}],"curies":[{"name":"wp","href":"https:\/\/api.w.org\/{rel}","templated":true}]}}