{"id":399,"date":"2007-05-15T12:03:08","date_gmt":"2007-05-15T15:03:08","guid":{"rendered":"http:\/\/blog.soccerlogos.com.br\/2007\/05\/15\/clubes-brasileiros-caldense-minas-gerais\/"},"modified":"2010-01-26T15:03:07","modified_gmt":"2010-01-26T17:03:07","slug":"clubes-brasileiros-caldense-minas-gerais","status":"publish","type":"post","link":"https:\/\/historiadofutebol.com\/blog\/?p=399","title":{"rendered":"CLUBES BRASILEIROS- CALDENSE-MINAS GERAIS"},"content":{"rendered":"<p>[img:Associacao_Atletica_Caldens.jpg,full,centralizado]<br \/>\nO dia 16 de novembro de 1925, alguns jovens esportistas, chefiados por Jo\u00e3o de Moura Gavi\u00e3o, reuniram-se na Photografia Selecta, sede provis\u00f3ria do time, situada na avenida Francisco Salles, perto do Hotel Lafaiete, para eleger a primeira diretoria, assim constitu\u00edda:<br \/>\nJo\u00e3o de Moura Gavi\u00e3o \u2013 presidente, professor Hugo Sarmento &#8211; vice-presidente, Romeu Chiacchio &#8211; 1\u00ba secret\u00e1rio, Cherubim Borelli &#8211; 2\u00ba secret\u00e1rio, Caetano Pereira \u2013 tesoureiro, Flaminio Maur\u00edcio \u2013 procurador, Oct\u00e1vio Mantovani &#8211; diretor esportivo. A Comiss\u00e3o de Sindic\u00e2ncia era composta por Jo\u00e3o de Oliveira Carmo, Ant\u00f4nio Ricci J\u00fanior, Domingos Lamberti, Vitor Fortunato e Adolpho Guetti.<br \/>\nOs tempos iniciais foram dif\u00edceis, mas a esfor\u00e7ada associa\u00e7\u00e3o despertou na mocidade um forte entusiasmo pelo futebol, que se tornava a coqueluche do momento. Sua comiss\u00e3o t\u00e9cnica trabalhou com afinco para que as agremia\u00e7\u00f5es possu\u00edssem o melhor plantel da cidade.<br \/>\nAp\u00f3s algumas vit\u00f3rias, em dezembro de 1925 o novo esquadr\u00e3o enfrentou o Cruz Vermelha, campe\u00e3o local. Mas, apesar de bem preparado, devido a uma chuva impertinente que caiu antes do jogo, foi derrotado por 3&#215;2.<br \/>\nEsse rev\u00e9s n\u00e3o desanimou os valentes jogadores e, no ano seguinte, v\u00e1rios encontros amistosos com times de cidades vizinhas consagraram a Veterana nos meios esportivos regionais.<br \/>\nFora criado o time, por\u00e9m o gr\u00eamio social esportivo denominado Associa\u00e7\u00e3o Atl\u00e9tica Caldense passou a existir ap\u00f3s uma reuni\u00e3o realizada no dia 3 de abril de 1926, com a fus\u00e3o da Caldense e o Gambrinus F.C. A primeira diretoria eleita foi constitu\u00edda por: capit\u00e3o Afonso Junqueira &#8211; presidente honor\u00e1rio, Fosco Pardini &#8211; presidente efetivo, Ulpiano C\u00e9sar Mine &#8211; vice-presidente, Jo\u00e3o de Moura Galv\u00e3o \u2013 tesoureiro, Cherubim Borelli &#8211; 1\u00ba secret\u00e1rio, Louren\u00e7o Batiston &#8211; 2\u00ba secret\u00e1rio, Hugo Sarmento &#8211; orador oficial e Arthur Cherchiai &#8211; colaborador. Dois dias depois houve uma reuni\u00e3o de trabalho a fim de colocar em pr\u00e1tica o funcionamento da associa\u00e7\u00e3o.<br \/>\nO falecimento prematuro do fundador Jo\u00e3o de Moura Gavi\u00e3o em 1927 trouxe o luto para a nascente da associa\u00e7\u00e3o, que passou algum tempo desanimada e com reduzido ardor para a luta. No entanto, aos poucos o conjunto retomou o ritmo, batalhando com amor e energia para a gl\u00f3ria do clube.<br \/>\nDurante a gest\u00e3o do presidente Jo\u00e3o Porf\u00edrio Bueno Brand\u00e3o, em 1928, a diretoria resolveu comemorar, da\u00ed por diante, a funda\u00e7\u00e3o da Caldense no dia 7 de setembro, por ser uma importante data c\u00edvica e coincidir com o feriado nacional. Esta determina\u00e7\u00e3o foi oficializada em 1943, na presid\u00eancia de Jo\u00e3o Coelho da Silva.<br \/>\nNo in\u00edcio de sua exist\u00eancia, o clube n\u00e3o possu\u00eda nem sede social e nem campo pr\u00f3prio. Existia apenas na cidade o campo do Internacional F.C., no atual jardim fonte luminosa, n\u00e3o havendo arquibancada nem gramado. Os torcedores ficavam em p\u00e9 e os jogadores tinham que se contentar com um campo pelado e negro.<br \/>\nAntes mesmo da funda\u00e7\u00e3o do time, os jovens desportistas j\u00e1 tinham escolhido o terreno do \u201cChal\u00e9 Proc\u00f3pio\u201d para as atividades futebol\u00edsticas dos domingos. A partir de 1926, a Caldense come\u00e7ou a dar os primeiros passos para conseguir a \u00e1rea do coronel Christiano Os\u00f3rio de Oliveira, que naquela ocasi\u00e3o era um enorme brejo, onde a meninada ia ca\u00e7ar r\u00e3s.<br \/>\nEm 1929 uma comiss\u00e3o chefiada pelo prefeito Carlos Pinheiros foi a S\u00e3o Jo\u00e3o da Boa Vista pedir ao coronel Os\u00f3rio a cess\u00e3o do im\u00f3vel.<br \/>\nO terreno, cedido a t\u00edtulo prec\u00e1rio, foi drenado e cercado de madeira. A partir dos anos 30, foi composta uma arquibancada r\u00fastica. Em 1947, a diretoria do presidente Jos\u00e9 Anacleto Pereira conseguiu da fam\u00edlia de Christiano Os\u00f3rio um comando de uso, com o prazo de 20 anos, para as instala\u00e7\u00f5es do clube.<br \/>\nAs diversas diretorias que se sucederam muito fizeram para o progresso e gl\u00f3ria da agremia\u00e7\u00e3o, melhorando e iluminando o campo de futebol e iniciando a constru\u00e7\u00e3o da quadra coberta, permitindo assim a realiza\u00e7\u00e3o de partidas noturnas e o desenvolvimento do esporte especializado.<br \/>\nA sede inicial e provis\u00f3ria do time da Caldense foi a Photographia Selecta, em 1925. Em seguida v\u00e1rios outros endere\u00e7os: Palacete Cobra, na pra\u00e7a Pedro Sanches, antigo Cassino Gibimba, de 1938 a 1942, no Polietema, na avenida Francisco Salles at\u00e9 1959, edif\u00edcio Imperial at\u00e9 1962 e, finalmente, em 1962 junto ao est\u00e1dio Christiano Os\u00f3rio, a partir de dezembro de 1962, na gest\u00e3o do presidente Ant\u00f4nio Megale. A sede social foi obtida no mesmo ano, com a doa\u00e7\u00e3o oficial da fam\u00edlia Os\u00f3rio. Com a posse do im\u00f3vel, v\u00e1rios melhoramentos foram realizados pelas diretorias subseq\u00fcentes, como a constru\u00e7\u00e3o da piscina.<br \/>\nEntre 1960 e 1961 o futebol da Veterana ficou famoso nos meios esportistas pela campanha das 57 partidas invictas, o que proporcionou uma onda de entusiasmo entre associados e moradores de Po\u00e7os de Caldas.<br \/>\nDurante a presid\u00eancia do Dr. Antonio Megale, em 1962, a Caldense se tornou propriet\u00e1ria do terreno que compreendia o campo de futebol e as demais depend\u00eancias esportivas, devido \u00e0 doa\u00e7\u00e3o definitiva feita por Cristiano Os\u00f3rio de Oliveira Filho, grande desportista e amigo de Po\u00e7os de Caldas. Essa transa\u00e7\u00e3o foi realizada gra\u00e7as ao empenho do prefeito David Benedicto Ottoni que, com a aprova\u00e7\u00e3o da C\u00e2mara Municipal, se comprometeu em troca a proceder o arruamento da ch\u00e1cara Os\u00f3rio pela prefeitura.<br \/>\nCom a posse do im\u00f3vel, v\u00e1rios melhoramentos puderam ser executados pelas diretorias subseq\u00fcentes, como a constru\u00e7\u00e3o das piscinas, da sede social, dos gin\u00e1sios, saunas, etc.<br \/>\nLutando em seu pr\u00f3prio est\u00e1dio, que foi durante muitas d\u00e9cadas o palco de memor\u00e1veis vit\u00f3rias do Verd\u00e3o, e ap\u00f3s a edifica\u00e7\u00e3o das quadras cobertas que possibilitaram a realiza\u00e7\u00e3o dos saudosos Jogos Abertos, a Caldense p\u00f4de se destacar nos meios esportivos, tornando-se orgulho dos po\u00e7os-caldenses de nascimento e de cora\u00e7\u00e3o.<br \/>\nCom a inaugura\u00e7\u00e3o do Est\u00e1dio Municipal Ronaldo Junqueira, em 1979, o campo da Associa\u00e7\u00e3o Atl\u00e9tica Caldense foi desativado e em seu lugar foram constru\u00eddas duas quadras de t\u00eanis, de peteca, um parque infantil, assim como uma nova piscina para atender o n\u00famero de associados que a cada ano crescia.<br \/>\nNo final da d\u00e9cada de 1980, o clube adquiriu, na sa\u00edda da cidade, uma \u00e1rea de treinamento do futebol profissional, denominada Ninho dos Periquitos. Hoje, o local conta com alojamento, tr\u00eas campos de futebol e piscina para a prepara\u00e7\u00e3o dos jogadores da Veterana.<br \/>\nNa d\u00e9cada de 1990, foi implantada a biblioteca Oscar Nassif, houve a amplia\u00e7\u00e3o da \u00e1rea de lazer com os quiosques constru\u00eddos e a inaugura\u00e7\u00e3o da piscina aquecida.<br \/>\n[img:CALDENSE_2002.jpg,resized,centralizado]<br \/>\nEm 2002, a Caldense conseguiu o maior t\u00edtulo de sua historia, conquistando o Campeonato Mineiro. Apesar de uma campanha brilhante e dif\u00edcil, a equipe verde e branca mostrou toda a capacidade ao lotar o est\u00e1dio Ronald\u00e3o e derrotar o Nacional, levando o nome de Po\u00e7os de Caldas ao futebol do Estado.<br \/>\nNa gest\u00e3o do atual presidente, o futebol passou a ser incorporado o ano todo, sendo um sonho realizado pelos torcedores da Veterana. Na sede social aconteceram melhorias, com aquisi\u00e7\u00e3o de aparelhos de muscula\u00e7\u00e3o, reformas dos vesti\u00e1rios e, recentemente, com a nova grama do campo de futebol society.<\/p>\n<p>Fonte:AA Caldense<\/p>\n","protected":false},"excerpt":{"rendered":"<p>[img:Associacao_Atletica_Caldens.jpg,full,centralizado] O dia 16 de novembro de 1925, alguns jovens esportistas, chefiados por Jo\u00e3o de Moura Gavi\u00e3o, reuniram-se na Photografia Selecta, sede provis\u00f3ria do time, situada na avenida Francisco Salles, perto do Hotel Lafaiete, para eleger a primeira diretoria, assim constitu\u00edda: Jo\u00e3o de Moura Gavi\u00e3o \u2013 presidente, professor Hugo Sarmento &#8211; vice-presidente, Romeu Chiacchio &#8211; [&hellip;]<\/p>\n","protected":false},"author":8,"featured_media":0,"comment_status":"open","ping_status":"closed","sticky":false,"template":"","format":"standard","meta":{"footnotes":""},"categories":[62,68,73,39],"tags":[],"class_list":["post-399","post","type-post","status-publish","format-standard","hentry","category-eduardo-cacella","category-blog-historia-do-futebol","category-f5-clubes-e-suas-historias-nacional","category-minas-gerais"],"_links":{"self":[{"href":"https:\/\/historiadofutebol.com\/blog\/index.php?rest_route=\/wp\/v2\/posts\/399","targetHints":{"allow":["GET"]}}],"collection":[{"href":"https:\/\/historiadofutebol.com\/blog\/index.php?rest_route=\/wp\/v2\/posts"}],"about":[{"href":"https:\/\/historiadofutebol.com\/blog\/index.php?rest_route=\/wp\/v2\/types\/post"}],"author":[{"embeddable":true,"href":"https:\/\/historiadofutebol.com\/blog\/index.php?rest_route=\/wp\/v2\/users\/8"}],"replies":[{"embeddable":true,"href":"https:\/\/historiadofutebol.com\/blog\/index.php?rest_route=%2Fwp%2Fv2%2Fcomments&post=399"}],"version-history":[{"count":1,"href":"https:\/\/historiadofutebol.com\/blog\/index.php?rest_route=\/wp\/v2\/posts\/399\/revisions"}],"predecessor-version":[{"id":3673,"href":"https:\/\/historiadofutebol.com\/blog\/index.php?rest_route=\/wp\/v2\/posts\/399\/revisions\/3673"}],"wp:attachment":[{"href":"https:\/\/historiadofutebol.com\/blog\/index.php?rest_route=%2Fwp%2Fv2%2Fmedia&parent=399"}],"wp:term":[{"taxonomy":"category","embeddable":true,"href":"https:\/\/historiadofutebol.com\/blog\/index.php?rest_route=%2Fwp%2Fv2%2Fcategories&post=399"},{"taxonomy":"post_tag","embeddable":true,"href":"https:\/\/historiadofutebol.com\/blog\/index.php?rest_route=%2Fwp%2Fv2%2Ftags&post=399"}],"curies":[{"name":"wp","href":"https:\/\/api.w.org\/{rel}","templated":true}]}}