{"id":39643,"date":"2012-08-24T02:44:04","date_gmt":"2012-08-24T05:44:04","guid":{"rendered":"https:\/\/historiadofutebol.com\/blog\/?p=39643"},"modified":"2012-08-24T02:44:04","modified_gmt":"2012-08-24T05:44:04","slug":"selecao-brasileira-ademir-da-guia-uma-dos-maiores-craques-da-camisa-10","status":"publish","type":"post","link":"https:\/\/historiadofutebol.com\/blog\/?p=39643","title":{"rendered":"Sele\u00e7\u00e3o Brasileira &#8211; Ademir da Guia: uma dos maiores craques da camisa 10"},"content":{"rendered":"<p><img loading=\"lazy\" decoding=\"async\" class=\"aligncenter size-full wp-image-39644\" src=\"https:\/\/historiadofutebol.com\/blog\/wp-content\/uploads\/2012\/08\/Brasil-01.jpg\" alt=\"\" width=\"838\" height=\"464\" srcset=\"https:\/\/historiadofutebol.com\/blog\/wp-content\/uploads\/2012\/08\/Brasil-01.jpg 838w, https:\/\/historiadofutebol.com\/blog\/wp-content\/uploads\/2012\/08\/Brasil-01-300x166.jpg 300w, https:\/\/historiadofutebol.com\/blog\/wp-content\/uploads\/2012\/08\/Brasil-01-500x276.jpg 500w\" sizes=\"auto, (max-width: 838px) 100vw, 838px\" \/><\/p>\n<p>Ademir da Guia, o &#8216;Divino&#8217;\u00a0foi um dos jogadores de meio-campo mais t\u00e9cnicos\u00a0que o futebol brasileiro conheceu. Talentoso,\u00a0ditava\u00a0com seu toque de bola\u00a0cadenciado o ritmo das partidas, mas\u00a0conseguia aparecer\u00a0na \u00e1rea com rapidez para a conclus\u00f5es certeiras com que marcou muitos belos gols\u00a0dos 153 que fez pelo Palmeiras.<\/p>\n<p><img loading=\"lazy\" decoding=\"async\" class=\"aligncenter size-full wp-image-39645\" src=\"https:\/\/historiadofutebol.com\/blog\/wp-content\/uploads\/2012\/08\/Brasil-02.jpg\" alt=\"\" width=\"836\" height=\"416\" srcset=\"https:\/\/historiadofutebol.com\/blog\/wp-content\/uploads\/2012\/08\/Brasil-02.jpg 836w, https:\/\/historiadofutebol.com\/blog\/wp-content\/uploads\/2012\/08\/Brasil-02-300x149.jpg 300w, https:\/\/historiadofutebol.com\/blog\/wp-content\/uploads\/2012\/08\/Brasil-02-500x248.jpg 500w\" sizes=\"auto, (max-width: 836px) 100vw, 836px\" \/><\/p>\n<p>Filho do grande zagueiro Domingos da Guia, carioca, Ademir da Guia come\u00e7ou a jogar futebol no Ceres, na \u00e9poca clube amador de\u00a0Bangu, na Zona Oeste do\u00a0Rio de Janeiro. Destacou-se no\u00a0Bangu, de 1960 a 1961, e foi negociado para o\u00a0Palmeiras, onde se tornou \u00eddolo e um dos maiores\u00a0 jogadores do clube, titular absoluto durante mais de 16 anos (1961 a 1977).<\/p>\n<p><img loading=\"lazy\" decoding=\"async\" class=\"aligncenter size-full wp-image-39646\" src=\"https:\/\/historiadofutebol.com\/blog\/wp-content\/uploads\/2012\/08\/Brasil-03.jpg\" alt=\"\" width=\"836\" height=\"418\" srcset=\"https:\/\/historiadofutebol.com\/blog\/wp-content\/uploads\/2012\/08\/Brasil-03.jpg 836w, https:\/\/historiadofutebol.com\/blog\/wp-content\/uploads\/2012\/08\/Brasil-03-300x150.jpg 300w, https:\/\/historiadofutebol.com\/blog\/wp-content\/uploads\/2012\/08\/Brasil-03-500x250.jpg 500w\" sizes=\"auto, (max-width: 836px) 100vw, 836px\" \/><\/p>\n<p>Ademir da Guia \u00e9 o jogador que mais vezes vestiu a camisa do Palmeiras &#8211; foram 901 partidas e 153 gols.<\/p>\n<p>Na Sele\u00e7\u00e3o Brasileira, foi convocado apenas 14 vezes. Participou de 11 partidas, uma delas contra a Pol\u00f4nia,\u00a0na decis\u00e3o de terceiro e quarto colocados da Copa do Mundo de 1974, na Alemanha.<\/p>\n<p><img loading=\"lazy\" decoding=\"async\" class=\"aligncenter size-full wp-image-39647\" src=\"https:\/\/historiadofutebol.com\/blog\/wp-content\/uploads\/2012\/08\/Brasil-04.jpg\" alt=\"\" width=\"835\" height=\"415\" srcset=\"https:\/\/historiadofutebol.com\/blog\/wp-content\/uploads\/2012\/08\/Brasil-04.jpg 835w, https:\/\/historiadofutebol.com\/blog\/wp-content\/uploads\/2012\/08\/Brasil-04-300x149.jpg 300w, https:\/\/historiadofutebol.com\/blog\/wp-content\/uploads\/2012\/08\/Brasil-04-500x248.jpg 500w\" sizes=\"auto, (max-width: 835px) 100vw, 835px\" \/><\/p>\n<p><strong>Ademir da Guia<\/strong><\/p>\n<p><strong>Nascimento:<\/strong> 04.03.1942 &#8211; Rio de Janeiro (RJ)<\/p>\n<p><strong>Pela Sele\u00e7\u00e3o Brasileira:<\/strong> 11 jogos, 6 vit\u00f3rias, 3 empates, 2 derrotas.<\/p>\n<p>\u00a0<strong>T\u00edtulos conquistados pelo Palmeiras:<\/strong><\/p>\n<p>\u00a0Campeonato Brasileiro: 1972, 1973. 1967, 1967, 1969<\/p>\n<p>\u00a0Campeonato Paulista: 1963, 1966, 1972,\u00a01974, 1976<\/p>\n<p>\u00a0Torneio Rio-S\u00e3o Paulo: 1965<\/p>\n<p>\u00a0Torneio IV Centen\u00e1rio da Cidade do Rio de Janeiro: 1965<\/p>\n<p>\u00a0Trof\u00e9u Ramon de Caranza: 1969, 1974, 1975<\/p>\n<p>\u00a0Torneio Laudo Natel: 1972<\/p>\n<p>\u00a0Torneio Mar del Plata: 1972<\/p>\n<hr \/>\n<p><em><strong>FONTE &amp; FOTOS:<\/strong> CBF<\/em><\/p>\n","protected":false},"excerpt":{"rendered":"<p>Ademir da Guia, o &#8216;Divino&#8217;\u00a0foi um dos jogadores de meio-campo mais t\u00e9cnicos\u00a0que o futebol brasileiro conheceu. Talentoso,\u00a0ditava\u00a0com seu toque de bola\u00a0cadenciado o ritmo das partidas, mas\u00a0conseguia aparecer\u00a0na \u00e1rea com rapidez para a conclus\u00f5es certeiras com que marcou muitos belos gols\u00a0dos 153 que fez pelo Palmeiras. Filho do grande zagueiro Domingos da Guia, carioca, Ademir da [&hellip;]<\/p>\n","protected":false},"author":55,"featured_media":0,"comment_status":"open","ping_status":"closed","sticky":false,"template":"","format":"standard","meta":{"footnotes":""},"categories":[203,114,3,150],"tags":[],"class_list":["post-39643","post","type-post","status-publish","format-standard","hentry","category-sergio-mello","category-copas-do-mundo","category-historia-do-futebol","category-x7-perfis-de-jogadores"],"_links":{"self":[{"href":"https:\/\/historiadofutebol.com\/blog\/index.php?rest_route=\/wp\/v2\/posts\/39643","targetHints":{"allow":["GET"]}}],"collection":[{"href":"https:\/\/historiadofutebol.com\/blog\/index.php?rest_route=\/wp\/v2\/posts"}],"about":[{"href":"https:\/\/historiadofutebol.com\/blog\/index.php?rest_route=\/wp\/v2\/types\/post"}],"author":[{"embeddable":true,"href":"https:\/\/historiadofutebol.com\/blog\/index.php?rest_route=\/wp\/v2\/users\/55"}],"replies":[{"embeddable":true,"href":"https:\/\/historiadofutebol.com\/blog\/index.php?rest_route=%2Fwp%2Fv2%2Fcomments&post=39643"}],"version-history":[{"count":1,"href":"https:\/\/historiadofutebol.com\/blog\/index.php?rest_route=\/wp\/v2\/posts\/39643\/revisions"}],"predecessor-version":[{"id":39648,"href":"https:\/\/historiadofutebol.com\/blog\/index.php?rest_route=\/wp\/v2\/posts\/39643\/revisions\/39648"}],"wp:attachment":[{"href":"https:\/\/historiadofutebol.com\/blog\/index.php?rest_route=%2Fwp%2Fv2%2Fmedia&parent=39643"}],"wp:term":[{"taxonomy":"category","embeddable":true,"href":"https:\/\/historiadofutebol.com\/blog\/index.php?rest_route=%2Fwp%2Fv2%2Fcategories&post=39643"},{"taxonomy":"post_tag","embeddable":true,"href":"https:\/\/historiadofutebol.com\/blog\/index.php?rest_route=%2Fwp%2Fv2%2Ftags&post=39643"}],"curies":[{"name":"wp","href":"https:\/\/api.w.org\/{rel}","templated":true}]}}