{"id":39628,"date":"2012-08-24T01:51:30","date_gmt":"2012-08-24T04:51:30","guid":{"rendered":"https:\/\/historiadofutebol.com\/blog\/?p=39628"},"modified":"2012-08-24T02:10:14","modified_gmt":"2012-08-24T05:10:14","slug":"a-a-internacional-de-limeira-sp","status":"publish","type":"post","link":"https:\/\/historiadofutebol.com\/blog\/?p=39628","title":{"rendered":"Associa\u00e7\u00e3o Atl\u00e9tica Internacional de Limeira (SP)"},"content":{"rendered":"<div><img loading=\"lazy\" decoding=\"async\" class=\"aligncenter size-medium wp-image-39629\" src=\"https:\/\/historiadofutebol.com\/blog\/wp-content\/uploads\/2012\/08\/AA-Inter-de-Limeira-245x300.jpg\" alt=\"\" width=\"245\" height=\"300\" srcset=\"https:\/\/historiadofutebol.com\/blog\/wp-content\/uploads\/2012\/08\/AA-Inter-de-Limeira-245x300.jpg 245w, https:\/\/historiadofutebol.com\/blog\/wp-content\/uploads\/2012\/08\/AA-Inter-de-Limeira-409x500.jpg 409w, https:\/\/historiadofutebol.com\/blog\/wp-content\/uploads\/2012\/08\/AA-Inter-de-Limeira.jpg 580w\" sizes=\"auto, (max-width: 245px) 100vw, 245px\" \/><\/div>\n<div>A <strong><em>Associa\u00e7\u00e3o Atl\u00e9tica Internacional<\/em><\/strong> \u00e9 uma agremia\u00e7\u00e3o da cidade de Limeira (SP). <strong><em>O clube foi Fundado no dia\u00a005 de Outubro de 1913<\/em><\/strong>. A sua Sede\u00a0 fica localizada na\u00a0Avenida Doutor Belmiro Fanelli, 270 &#8211; no Bairro: Jardim Bandeirantes.<\/div>\n<div>\u00a0<\/div>\n<div>\u00a0<strong>HIST\u00d3RIA<\/strong><\/div>\n<div>O ano era 1912. Os times da cidade eram Almofadinhas e o Barroquinha. O primeiro era considerado de elite e treinava, assim como jogava, em um campo de terra nas proximidades do Asilo de Mendicidade.<\/div>\n<div>\u00a0<\/div>\n<div>J\u00e1 a outra equipe, era da \u201cmassa popular\u201d, do \u201cpov\u00e3o\u201d e tinha como campo de terra em que ficava localizado nos altos da antiga Rua do Com\u00e9rcio, hoje, \u00e9 a rua Dr. Trajano. O nome \u201cBarroquinha\u201d era devido se iniciava uma barroca ao lado do campo.<\/div>\n<div>\u00a0<\/div>\n<div>Pois \u00e9\u2026 \u201cBarroquinha\u201d \u00e9 o que originou a nossa gloriosa Associa\u00e7\u00e3o Atl\u00e9tica Internacional de Limeira, no dia 05 de outubro de 1913. Por ocasi\u00e3o de v\u00e1rios imigrantes radicados na cidade, na \u00e9poca, como japoneses, italianos, alem\u00e3es, portugueses, entre outros, o nome Internacional foi mais do que justo em homenagear todas as \u201cetnias\u201d.<\/div>\n<div>\u00a0<\/div>\n<div>Os primeiros \u201cher\u00f3is\u201d e diretores foram: presidente Jos\u00e9 Alves Penteado; vice-presidente: Fausto Esteves dos Santos; secret\u00e1rio: Ajax Garroux; \u201ccaptain\u201d: Ant\u00f4nio Esteves dos Santos Junior (Tonico Esteves) e Jo\u00e3o Busch como fiscal de campo.<\/div>\n<div>\u00a0<\/div>\n<div>A primeira reuni\u00e3o, realizada no \u201cTheatro da Paz\u201d, determinou v\u00e1rias regras desportivas assim como os deveres dos associados. Uma delas, por exemplo, quem quisesse atuar pelo time tinha que ser s\u00f3cio e, junto com os associados, pagar uma mensalidade de $1000 (mil r\u00e9is).<\/div>\n<div>\u00a0<\/div>\n<div>J\u00e1 na parte de futebol, o \u201ccaptain\u201d da equipe era para manter a disciplina assim como manter a ordem de todos, que, ali\u00e1s, deveriam estar uniformizado com um cal\u00e7\u00e3o branco de faixa preta, camisa listrada com as cores preta e branca, al\u00e9m de usar meias pretas com duas listras brancas e obrigatoriamente compridas. A primeira partida foi no dia 12 de outubro de 1913 contra o Sport Clube Carioba, na Vila Americana, na cidade de Americana.<\/div>\n<div>\u00a0<\/div>\n<div style=\"text-align: center\"><strong>Est\u00e1dio Major Jos\u00e9 Levy Sobrinho &#8211; o Limeir\u00e3o<\/strong><\/div>\n<div>\u00a0<\/div>\n<div><a href=\"http:\/\/cliente.mkt-in.com.br\/inter\/cms\/wp-content\/uploads\/2012\/02\/04.jpg\" target=\"_blank\"><img loading=\"lazy\" decoding=\"async\" src=\"http:\/\/cliente.mkt-in.com.br\/inter\/cms\/wp-content\/uploads\/2012\/02\/04.jpg\" alt=\"\" width=\"699\" height=\"211\" \/><\/a><\/div>\n<div>\u00a0<\/div>\n<div>\n<h1>T\u00edtulos<\/h1>\n<\/div>\n<div>\n<div>\n<div>\u00a0<\/div>\n<table width=\"940\" border=\"0\">\n<tbody>\n<tr>\n<td align=\"middle\" valign=\"top\" width=\"200\"><img loading=\"lazy\" decoding=\"async\" src=\"http:\/\/cliente.mkt-in.com.br\/inter\/cms\/wp-content\/uploads\/2012\/02\/trofeu1.jpg\" alt=\"\" width=\"102\" height=\"331\" \/><\/p>\n<div>\u00a0<\/div>\n<div><em><strong>Trof\u00e9u de Campe\u00e3 Paulista de 1986, maior feito na hist\u00f3ria da Internacional. Exposto atualmente na galeria de trof\u00e9us do Limeir\u00e3o.<\/strong><\/em><\/div>\n<div>\u00a0<\/div>\n<\/td>\n<td width=\"740\">1961 \u2013 Campe\u00e3 da S\u00e9rie Algodoeira, 2\u00aa Divis\u00e3o de Profissionais1962 \u2013 Vice-Campe\u00e3o da S\u00e9rie Dr. Jo\u00e3o Havelange, 2\u00aa Divis\u00e3o de Profissionais\u00a0<\/p>\n<div>\u00a0<\/div>\n<div>1962 \u2013 Campe\u00e3 da S\u00e9rie B \u2013 Semi-finais, 2\u00aa Divis\u00e3o de Profissionais<\/div>\n<div>\u00a0<\/div>\n<div>1966 \u2013 Campe\u00e3 da Segunda Divis\u00e3o de Profissionais<\/div>\n<div>\u00a0<\/div>\n<div>1976 \u2013 Vice-campe\u00e3 do Torneio Brigadeiro Jer\u00f4nimo Bastos<\/div>\n<div>\u00a0<\/div>\n<div>1978 \u2013 Campe\u00e3 da Intermedi\u00e1ria, garantindo ao Le\u00e3o o direito de disputar o Campeonato Paulista da Divis\u00e3o Especial de Profissionais, hoje Primeira Divis\u00e3o<\/div>\n<div>\u00a0<\/div>\n<div><strong>1986 \u2013 Campe\u00e3 Paulista de Futebol \u2013 O primeiro time fora do Eixo dos Grandes<\/strong><\/div>\n<div>1986 \u2013 Campe\u00e3 do Torneio Interestadual RJ -SP (INTER 3 X 0 FLAMENGO)<\/div>\n<div>1986 \u2013 Detentora da Ta\u00e7a dos Invictos (17 jogos)<\/div>\n<div>1986 \u2013 Campe\u00e3 do Grupo \u201cG\u201d do Torneio Paralelo<\/div>\n<div>\u00a0<\/div>\n<div>1988 \u2013 Campe\u00e3 Brasileira da S\u00e9rie Amarela \u2013 Grupo Especial<\/div>\n<div>\u00a0<\/div>\n<div>1990 \u2013 Campe\u00e3 Ta\u00e7a BH<\/div>\n<div>\u00a0<\/div>\n<div>1996 \u2013 Campe\u00e3 Paulista da S\u00e9rie AII \u2013 Retorno \u00e0 S\u00e9rie de Elite<\/div>\n<div>\u00a0<\/div>\n<div>2003 \u2013 Campe\u00e3 Paulista Sub20 \u2013 Primeira Divis\u00e3o<\/div>\n<div>\u00a0<\/div>\n<div>2004 \u2013 Campe\u00e3 Paulista da S\u00e9rie AII \u2013 Retorno \u00e0 S\u00e9rie de Elite<\/div>\n<\/td>\n<\/tr>\n<\/tbody>\n<\/table>\n<\/div>\n<\/div>\n<p>&nbsp;<\/p>\n<p><em><strong>FONTE:<\/strong> Site da A.A. Internacional de Limeira<\/em><\/p>\n","protected":false},"excerpt":{"rendered":"<p>A Associa\u00e7\u00e3o Atl\u00e9tica Internacional \u00e9 uma agremia\u00e7\u00e3o da cidade de Limeira (SP). O clube foi Fundado no dia\u00a005 de Outubro de 1913. A sua Sede\u00a0 fica localizada na\u00a0Avenida Doutor Belmiro Fanelli, 270 &#8211; no Bairro: Jardim Bandeirantes. \u00a0 \u00a0HIST\u00d3RIA O ano era 1912. Os times da cidade eram Almofadinhas e o Barroquinha. O primeiro era [&hellip;]<\/p>\n","protected":false},"author":55,"featured_media":0,"comment_status":"open","ping_status":"closed","sticky":false,"template":"","format":"standard","meta":{"footnotes":""},"categories":[203,189,59,3,51],"tags":[],"class_list":["post-39628","post","type-post","status-publish","format-standard","hentry","category-sergio-mello","category-toninho-sereno","category-escudos","category-historia-do-futebol","category-sao-paulo"],"_links":{"self":[{"href":"https:\/\/historiadofutebol.com\/blog\/index.php?rest_route=\/wp\/v2\/posts\/39628","targetHints":{"allow":["GET"]}}],"collection":[{"href":"https:\/\/historiadofutebol.com\/blog\/index.php?rest_route=\/wp\/v2\/posts"}],"about":[{"href":"https:\/\/historiadofutebol.com\/blog\/index.php?rest_route=\/wp\/v2\/types\/post"}],"author":[{"embeddable":true,"href":"https:\/\/historiadofutebol.com\/blog\/index.php?rest_route=\/wp\/v2\/users\/55"}],"replies":[{"embeddable":true,"href":"https:\/\/historiadofutebol.com\/blog\/index.php?rest_route=%2Fwp%2Fv2%2Fcomments&post=39628"}],"version-history":[{"count":2,"href":"https:\/\/historiadofutebol.com\/blog\/index.php?rest_route=\/wp\/v2\/posts\/39628\/revisions"}],"predecessor-version":[{"id":39631,"href":"https:\/\/historiadofutebol.com\/blog\/index.php?rest_route=\/wp\/v2\/posts\/39628\/revisions\/39631"}],"wp:attachment":[{"href":"https:\/\/historiadofutebol.com\/blog\/index.php?rest_route=%2Fwp%2Fv2%2Fmedia&parent=39628"}],"wp:term":[{"taxonomy":"category","embeddable":true,"href":"https:\/\/historiadofutebol.com\/blog\/index.php?rest_route=%2Fwp%2Fv2%2Fcategories&post=39628"},{"taxonomy":"post_tag","embeddable":true,"href":"https:\/\/historiadofutebol.com\/blog\/index.php?rest_route=%2Fwp%2Fv2%2Ftags&post=39628"}],"curies":[{"name":"wp","href":"https:\/\/api.w.org\/{rel}","templated":true}]}}