{"id":39591,"date":"2012-08-23T23:31:49","date_gmt":"2012-08-24T02:31:49","guid":{"rendered":"https:\/\/historiadofutebol.com\/blog\/?p=39591"},"modified":"2012-08-24T00:00:08","modified_gmt":"2012-08-24T03:00:08","slug":"esporte-clube-america-jau-sp","status":"publish","type":"post","link":"https:\/\/historiadofutebol.com\/blog\/?p=39591","title":{"rendered":"Esporte Clube Am\u00e9rica &#8211; Ja\u00fa (SP)"},"content":{"rendered":"<p><img loading=\"lazy\" decoding=\"async\" class=\"aligncenter size-medium wp-image-39593\" src=\"https:\/\/historiadofutebol.com\/blog\/wp-content\/uploads\/2012\/08\/EC-America-Jau-300x300.jpg\" alt=\"\" width=\"300\" height=\"300\" srcset=\"https:\/\/historiadofutebol.com\/blog\/wp-content\/uploads\/2012\/08\/EC-America-Jau-300x300.jpg 300w, https:\/\/historiadofutebol.com\/blog\/wp-content\/uploads\/2012\/08\/EC-America-Jau-150x150.jpg 150w, https:\/\/historiadofutebol.com\/blog\/wp-content\/uploads\/2012\/08\/EC-America-Jau-500x500.jpg 500w, https:\/\/historiadofutebol.com\/blog\/wp-content\/uploads\/2012\/08\/EC-America-Jau-96x96.jpg 96w, https:\/\/historiadofutebol.com\/blog\/wp-content\/uploads\/2012\/08\/EC-America-Jau-24x24.jpg 24w, https:\/\/historiadofutebol.com\/blog\/wp-content\/uploads\/2012\/08\/EC-America-Jau-36x36.jpg 36w, https:\/\/historiadofutebol.com\/blog\/wp-content\/uploads\/2012\/08\/EC-America-Jau-48x48.jpg 48w, https:\/\/historiadofutebol.com\/blog\/wp-content\/uploads\/2012\/08\/EC-America-Jau-64x64.jpg 64w, https:\/\/historiadofutebol.com\/blog\/wp-content\/uploads\/2012\/08\/EC-America-Jau.jpg 572w\" sizes=\"auto, (max-width: 300px) 100vw, 300px\" \/><\/p>\n<p>O <span style=\"color: #ff0000\"><strong><em>Esporte Clube Am\u00e9rica<\/em><\/strong><\/span> \u00e9 uma agremia\u00e7\u00e3o da cidade de Ja\u00fa, no Interior Paulista. A sua Sede fica localizado na\u00a0Rua Dr. Jo\u00e3o Leite,\u00a01.000 &#8211; no Bairro Vila Nova, em Ja\u00fa. Acrescentando informa\u00e7\u00f5es, o amigo e membro <strong>Andr\u00e9 Martins\u00a0<\/strong>diz: o clube foi <span style=\"color: #ff0000\"><strong><em>Fundado no dia Primeiro de Janeiro de 1942<\/em><\/strong><\/span>.<\/p>\n","protected":false},"excerpt":{"rendered":"<p>O Esporte Clube Am\u00e9rica \u00e9 uma agremia\u00e7\u00e3o da cidade de Ja\u00fa, no Interior Paulista. A sua Sede fica localizado na\u00a0Rua Dr. Jo\u00e3o Leite,\u00a01.000 &#8211; no Bairro Vila Nova, em Ja\u00fa. Acrescentando informa\u00e7\u00f5es, o amigo e membro Andr\u00e9 Martins\u00a0diz: o clube foi Fundado no dia Primeiro de Janeiro de 1942.<\/p>\n","protected":false},"author":55,"featured_media":0,"comment_status":"open","ping_status":"closed","sticky":false,"template":"","format":"standard","meta":{"footnotes":""},"categories":[203,204,59,118,51],"tags":[],"class_list":["post-39591","post","type-post","status-publish","format-standard","hentry","category-sergio-mello","category-roberto-saraiva","category-escudos","category-futebol-amador-varzeano","category-sao-paulo"],"_links":{"self":[{"href":"https:\/\/historiadofutebol.com\/blog\/index.php?rest_route=\/wp\/v2\/posts\/39591","targetHints":{"allow":["GET"]}}],"collection":[{"href":"https:\/\/historiadofutebol.com\/blog\/index.php?rest_route=\/wp\/v2\/posts"}],"about":[{"href":"https:\/\/historiadofutebol.com\/blog\/index.php?rest_route=\/wp\/v2\/types\/post"}],"author":[{"embeddable":true,"href":"https:\/\/historiadofutebol.com\/blog\/index.php?rest_route=\/wp\/v2\/users\/55"}],"replies":[{"embeddable":true,"href":"https:\/\/historiadofutebol.com\/blog\/index.php?rest_route=%2Fwp%2Fv2%2Fcomments&post=39591"}],"version-history":[{"count":3,"href":"https:\/\/historiadofutebol.com\/blog\/index.php?rest_route=\/wp\/v2\/posts\/39591\/revisions"}],"predecessor-version":[{"id":39595,"href":"https:\/\/historiadofutebol.com\/blog\/index.php?rest_route=\/wp\/v2\/posts\/39591\/revisions\/39595"}],"wp:attachment":[{"href":"https:\/\/historiadofutebol.com\/blog\/index.php?rest_route=%2Fwp%2Fv2%2Fmedia&parent=39591"}],"wp:term":[{"taxonomy":"category","embeddable":true,"href":"https:\/\/historiadofutebol.com\/blog\/index.php?rest_route=%2Fwp%2Fv2%2Fcategories&post=39591"},{"taxonomy":"post_tag","embeddable":true,"href":"https:\/\/historiadofutebol.com\/blog\/index.php?rest_route=%2Fwp%2Fv2%2Ftags&post=39591"}],"curies":[{"name":"wp","href":"https:\/\/api.w.org\/{rel}","templated":true}]}}