{"id":39041,"date":"2012-08-09T22:48:35","date_gmt":"2012-08-10T01:48:35","guid":{"rendered":"https:\/\/historiadofutebol.com\/blog\/?p=39041"},"modified":"2012-08-12T01:18:20","modified_gmt":"2012-08-12T04:18:20","slug":"esporte-clube-agua-comprida-braganca-paulista-sp","status":"publish","type":"post","link":"https:\/\/historiadofutebol.com\/blog\/?p=39041","title":{"rendered":"Esporte Clube \u00c1gua Comprida &#8211; Bragan\u00e7a Paulista (SP)"},"content":{"rendered":"<p><img loading=\"lazy\" decoding=\"async\" class=\"aligncenter size-medium wp-image-39042\" src=\"https:\/\/historiadofutebol.com\/blog\/wp-content\/uploads\/2012\/08\/EC-Agua-Comprida-Braganca-Paulista-300x182.jpg\" alt=\"\" width=\"300\" height=\"182\" srcset=\"https:\/\/historiadofutebol.com\/blog\/wp-content\/uploads\/2012\/08\/EC-Agua-Comprida-Braganca-Paulista-300x182.jpg 300w, https:\/\/historiadofutebol.com\/blog\/wp-content\/uploads\/2012\/08\/EC-Agua-Comprida-Braganca-Paulista-500x304.jpg 500w, https:\/\/historiadofutebol.com\/blog\/wp-content\/uploads\/2012\/08\/EC-Agua-Comprida-Braganca-Paulista.jpg 581w\" sizes=\"auto, (max-width: 300px) 100vw, 300px\" \/><\/p>\n<p>O <span style=\"color: #ff0000\"><strong><em>Esporte Clube \u00c1gua Comprida<\/em><\/strong><\/span> \u00e9 uma agremia\u00e7\u00e3o da cidade de Bragan\u00e7a Paulista (SP). Sem perder o embalo, o amigo e membro <strong>Andr\u00e9 Martins<\/strong> acrescenta que o clube foi <span style=\"color: #ff0000\"><strong><em>Fundado no dia\u00a012 de Fevereiro de 1972<\/em><\/strong><\/span>. A sua Sede fica na Estrada de \u00c1gua Comprida, s\/n &#8211; no Bairro de \u00c1gua Comprida, em Bragan\u00e7a Paulista.<\/p>\n","protected":false},"excerpt":{"rendered":"<p>O Esporte Clube \u00c1gua Comprida \u00e9 uma agremia\u00e7\u00e3o da cidade de Bragan\u00e7a Paulista (SP). Sem perder o embalo, o amigo e membro Andr\u00e9 Martins acrescenta que o clube foi Fundado no dia\u00a012 de Fevereiro de 1972. A sua Sede fica na Estrada de \u00c1gua Comprida, s\/n &#8211; no Bairro de \u00c1gua Comprida, em Bragan\u00e7a Paulista.<\/p>\n","protected":false},"author":55,"featured_media":0,"comment_status":"open","ping_status":"closed","sticky":false,"template":"","format":"standard","meta":{"footnotes":""},"categories":[203,189,59,118,51],"tags":[],"class_list":["post-39041","post","type-post","status-publish","format-standard","hentry","category-sergio-mello","category-toninho-sereno","category-escudos","category-futebol-amador-varzeano","category-sao-paulo"],"_links":{"self":[{"href":"https:\/\/historiadofutebol.com\/blog\/index.php?rest_route=\/wp\/v2\/posts\/39041","targetHints":{"allow":["GET"]}}],"collection":[{"href":"https:\/\/historiadofutebol.com\/blog\/index.php?rest_route=\/wp\/v2\/posts"}],"about":[{"href":"https:\/\/historiadofutebol.com\/blog\/index.php?rest_route=\/wp\/v2\/types\/post"}],"author":[{"embeddable":true,"href":"https:\/\/historiadofutebol.com\/blog\/index.php?rest_route=\/wp\/v2\/users\/55"}],"replies":[{"embeddable":true,"href":"https:\/\/historiadofutebol.com\/blog\/index.php?rest_route=%2Fwp%2Fv2%2Fcomments&post=39041"}],"version-history":[{"count":4,"href":"https:\/\/historiadofutebol.com\/blog\/index.php?rest_route=\/wp\/v2\/posts\/39041\/revisions"}],"predecessor-version":[{"id":39146,"href":"https:\/\/historiadofutebol.com\/blog\/index.php?rest_route=\/wp\/v2\/posts\/39041\/revisions\/39146"}],"wp:attachment":[{"href":"https:\/\/historiadofutebol.com\/blog\/index.php?rest_route=%2Fwp%2Fv2%2Fmedia&parent=39041"}],"wp:term":[{"taxonomy":"category","embeddable":true,"href":"https:\/\/historiadofutebol.com\/blog\/index.php?rest_route=%2Fwp%2Fv2%2Fcategories&post=39041"},{"taxonomy":"post_tag","embeddable":true,"href":"https:\/\/historiadofutebol.com\/blog\/index.php?rest_route=%2Fwp%2Fv2%2Ftags&post=39041"}],"curies":[{"name":"wp","href":"https:\/\/api.w.org\/{rel}","templated":true}]}}