{"id":38680,"date":"2012-08-03T10:15:45","date_gmt":"2012-08-03T13:15:45","guid":{"rendered":"https:\/\/historiadofutebol.com\/blog\/?p=38680"},"modified":"2017-11-30T01:53:00","modified_gmt":"2017-11-30T03:53:00","slug":"gremio-sao-jose-de-mipiburn","status":"publish","type":"post","link":"https:\/\/historiadofutebol.com\/blog\/?p=38680","title":{"rendered":"GR\u00caMIO &#8211; S\u00c3O JOS\u00c9 DE MIPIBU\/RN"},"content":{"rendered":"<p><a href=\"https:\/\/historiadofutebol.com\/blog\/?attachment_id=38682\" rel=\"attachment wp-att-38682\"><img loading=\"lazy\" decoding=\"async\" class=\"aligncenter size-full wp-image-38682\" src=\"https:\/\/historiadofutebol.com\/blog\/wp-content\/uploads\/2012\/08\/GREMIO.jpg\" alt=\"\" width=\"128\" height=\"143\" \/><\/a><\/p>\n<address>NOME: GR\u00caMIO DE FUTEBOL MIPIBUENSE<\/address>\n<address>FUNDA\u00c7\u00c3O: 17\/03\/2007<\/address>\n<address>CIDADE: S\u00c3O JOS\u00c9 DE MIPIBU\/RN<\/address>\n<address>SITUA\u00c7\u00c3O: AMADOR<\/address>\n<p><a href=\"https:\/\/historiadofutebol.com\/blog\/?attachment_id=38681\" rel=\"attachment wp-att-38681\"><img loading=\"lazy\" decoding=\"async\" class=\"aligncenter size-full wp-image-38681\" src=\"https:\/\/historiadofutebol.com\/blog\/wp-content\/uploads\/2012\/08\/GREMIO-MIPIBUENSE.jpg\" alt=\"\" width=\"256\" height=\"192\" \/><\/a><\/p>\n<p>http:\/\/blogdoarsenalsjm.blogspot.com.br\/2012\/02\/e-hoje-semi-final-do-campeonato-do-pium.html<\/p>\n","protected":false},"excerpt":{"rendered":"<p>NOME: GR\u00caMIO DE FUTEBOL MIPIBUENSE FUNDA\u00c7\u00c3O: 17\/03\/2007 CIDADE: S\u00c3O JOS\u00c9 DE MIPIBU\/RN SITUA\u00c7\u00c3O: AMADOR http:\/\/blogdoarsenalsjm.blogspot.com.br\/2012\/02\/e-hoje-semi-final-do-campeonato-do-pium.html<\/p>\n","protected":false},"author":15,"featured_media":0,"comment_status":"open","ping_status":"closed","sticky":false,"template":"","format":"standard","meta":{"footnotes":""},"categories":[203,204,59,118,45],"tags":[],"class_list":["post-38680","post","type-post","status-publish","format-standard","hentry","category-sergio-mello","category-roberto-saraiva","category-escudos","category-futebol-amador-varzeano","category-rg-do-norte"],"_links":{"self":[{"href":"https:\/\/historiadofutebol.com\/blog\/index.php?rest_route=\/wp\/v2\/posts\/38680","targetHints":{"allow":["GET"]}}],"collection":[{"href":"https:\/\/historiadofutebol.com\/blog\/index.php?rest_route=\/wp\/v2\/posts"}],"about":[{"href":"https:\/\/historiadofutebol.com\/blog\/index.php?rest_route=\/wp\/v2\/types\/post"}],"author":[{"embeddable":true,"href":"https:\/\/historiadofutebol.com\/blog\/index.php?rest_route=\/wp\/v2\/users\/15"}],"replies":[{"embeddable":true,"href":"https:\/\/historiadofutebol.com\/blog\/index.php?rest_route=%2Fwp%2Fv2%2Fcomments&post=38680"}],"version-history":[{"count":5,"href":"https:\/\/historiadofutebol.com\/blog\/index.php?rest_route=\/wp\/v2\/posts\/38680\/revisions"}],"predecessor-version":[{"id":114374,"href":"https:\/\/historiadofutebol.com\/blog\/index.php?rest_route=\/wp\/v2\/posts\/38680\/revisions\/114374"}],"wp:attachment":[{"href":"https:\/\/historiadofutebol.com\/blog\/index.php?rest_route=%2Fwp%2Fv2%2Fmedia&parent=38680"}],"wp:term":[{"taxonomy":"category","embeddable":true,"href":"https:\/\/historiadofutebol.com\/blog\/index.php?rest_route=%2Fwp%2Fv2%2Fcategories&post=38680"},{"taxonomy":"post_tag","embeddable":true,"href":"https:\/\/historiadofutebol.com\/blog\/index.php?rest_route=%2Fwp%2Fv2%2Ftags&post=38680"}],"curies":[{"name":"wp","href":"https:\/\/api.w.org\/{rel}","templated":true}]}}