{"id":38630,"date":"2012-08-02T00:29:53","date_gmt":"2012-08-02T03:29:53","guid":{"rendered":"https:\/\/historiadofutebol.com\/blog\/?p=38630"},"modified":"2017-11-01T02:23:17","modified_gmt":"2017-11-01T04:23:17","slug":"vencedores-da-taca-gargeol-disputa-do-vice-campeonato","status":"publish","type":"post","link":"https:\/\/historiadofutebol.com\/blog\/?p=38630","title":{"rendered":"VENCEDORES DA TA\u00c7A GARGEOL &#8211;  DISPUTA DO VICE-CAMPEONATO"},"content":{"rendered":"<p><strong>1916<\/strong> &#8211; Botafogo FC, atual BFR<br \/>\n<strong>1917<\/strong> &#8211; America FC<br \/>\n<strong>1918<\/strong> &#8211; Botafogo FC, atual BFR<\/p>\n<p><strong>BOTAFOGO 2 x 1 BANGU<\/strong><br \/>\nData: 17\/12\/1916<br \/>\nLocal: Rua Paysandu, Rio de Janeiro.<br \/>\n\u00c1rbitro: Romeu D\u2019Ambr\u00f3sio<br \/>\nCompeti\u00e7\u00e3o: Campeonato Carioca (Ta\u00e7a Gargeol, decis\u00e3o do 2\u00ba lugar)<br \/>\nGols: Antenor, aos 30\u2019, Osny, de penalty, aos 35\u2019 e Vadinho, aos 39\u2019 (todos no 2\u00b0 tempo).<br \/>\nBotafogo: Abreu, Wigand e Osny; Pino, Teague e Jones; L\u00e9o, Alu\u00edzio, Carlito Rocha, Vadinho e Dorinho.<br \/>\nBangu: Am\u00e9rico Pastor, Em\u00edlio e Calvert; Luiz Ant\u00f4nio, Sterling e Godoy; Augusto \u201cLe\u00e3o\u201d, French, Patrick, Benedicto Dantas e Antenor.<br \/>\nFontes: Correio da Manh\u00e3, Gazeta de Not\u00edcias e Jornal do Brasil<\/p>\n<p><strong>BANGU AC 2 x 5 AM\u00c9RICA FC<\/strong><br \/>\nData: 24\/02\/1918<br \/>\nLocal: Rua Ferrer, Rio de Janeiro<br \/>\n\u00c1rbitro: De Maria (GN) ou O. Villela (OI)<br \/>\nCompeti\u00e7\u00e3o: Campeonato Carioca (Ta\u00e7a Gargeol)<br \/>\nGols: Feliciano (1\u00b0 tempo); Arlindo Pacheco, Arlindo Pacheco, Ivo Borges, Godoy, Arlindo Pacheco e Arlindo Pacheco (2\u00b0 tempo)<br \/>\nBangu: Mattos, Luiz Ant\u00f4nio e Pereira; Thomaz, Em\u00edlio e Claudionor \u201cBol\u00e3o\u201d; Alberto, Avelino, Feliciano, Godoy e Antenor<br \/>\nAm\u00e9rica: \u00c1lvaro Cardoso, Paulino e Paranhos; Pedrinho, Djalma e Paula Ramos; Paulo Vianna, Ivo Borges, Gabriel de Carvalho, Arlindo Pacheco e N\u00e9lson Cardoso.<br \/>\nObs:<br \/>\n1. Mattos defendeu um penalty batido por Arlindo Pacheco;<br \/>\n2. Com esse resultado o America FC terminou em segundo lugar e conquistou a Ta\u00e7a Gargeol.<br \/>\nFontes: Gazeta de Not\u00edcias e O Imparcial<\/p>\n<p><strong>BOTAFOGO 3 x 2 S\u00c3O CRIST\u00d3V\u00c3O<\/strong><br \/>\nData: 06\/04\/1919<br \/>\nLocal: Rua Paysandu, Rio de Janeiro<br \/>\n\u00c1rbitro: Carlos Santos<br \/>\nCompeti\u00e7\u00e3o: Campeonato Carioca (Ta\u00e7a Gargeol, decis\u00e3o do 2\u00ba lugar)<br \/>\nGols: Moura (de penalty) e Renato Vinhaes, no 1\u00b0 tempo; Petiot, Luiz Menezes e Joppert, no 2\u00b0 tempo<br \/>\nBotafogo: Cazuza, Monti e Osny; Pollice, Carlito Rocha e Pino; Celso, Petiot, Joppert, Luiz Menezes e Vadinho<br \/>\nS\u00e3o Crist\u00f3v\u00e3o: Carnaval, Reynaldo e Moura; Castro, Luiz Vinhaes e Martins; Renato Vinhaes, Salema, Appar\u00edcio, Heitor \u201cLe\u00e3o\u201d e Iracy<\/p>\n<p><strong>Obs<\/strong>:<br \/>\n1. Com esse resultado o Botafogo terminou em segundo lugar e conquistou a Ta\u00e7a Gargeol;<br \/>\n2. De acordo com \u2018O Paiz\u2019, o segundo tento do S. Crist\u00f3v\u00e3o foi de Salema<br \/>\nFontes: Gazeta de Not\u00edcias, O Imparcial e O Paiz.<\/p>\n<p>Pesquisas: Pedro Varanda.<\/p>\n","protected":false},"excerpt":{"rendered":"<p>1916 &#8211; Botafogo FC, atual BFR 1917 &#8211; America FC 1918 &#8211; Botafogo FC, atual BFR BOTAFOGO 2 x 1 BANGU Data: 17\/12\/1916 Local: Rua Paysandu, Rio de Janeiro. \u00c1rbitro: Romeu D\u2019Ambr\u00f3sio Competi\u00e7\u00e3o: Campeonato Carioca (Ta\u00e7a Gargeol, decis\u00e3o do 2\u00ba lugar) Gols: Antenor, aos 30\u2019, Osny, de penalty, aos 35\u2019 e Vadinho, aos 39\u2019 (todos [&hellip;]<\/p>\n","protected":false},"author":37,"featured_media":0,"comment_status":"open","ping_status":"closed","sticky":false,"template":"","format":"standard","meta":{"footnotes":""},"categories":[203,104,47],"tags":[],"class_list":["post-38630","post","type-post","status-publish","format-standard","hentry","category-sergio-mello","category-walter-iris","category-rio-de-janeiro"],"_links":{"self":[{"href":"https:\/\/historiadofutebol.com\/blog\/index.php?rest_route=\/wp\/v2\/posts\/38630","targetHints":{"allow":["GET"]}}],"collection":[{"href":"https:\/\/historiadofutebol.com\/blog\/index.php?rest_route=\/wp\/v2\/posts"}],"about":[{"href":"https:\/\/historiadofutebol.com\/blog\/index.php?rest_route=\/wp\/v2\/types\/post"}],"author":[{"embeddable":true,"href":"https:\/\/historiadofutebol.com\/blog\/index.php?rest_route=\/wp\/v2\/users\/37"}],"replies":[{"embeddable":true,"href":"https:\/\/historiadofutebol.com\/blog\/index.php?rest_route=%2Fwp%2Fv2%2Fcomments&post=38630"}],"version-history":[{"count":4,"href":"https:\/\/historiadofutebol.com\/blog\/index.php?rest_route=\/wp\/v2\/posts\/38630\/revisions"}],"predecessor-version":[{"id":112989,"href":"https:\/\/historiadofutebol.com\/blog\/index.php?rest_route=\/wp\/v2\/posts\/38630\/revisions\/112989"}],"wp:attachment":[{"href":"https:\/\/historiadofutebol.com\/blog\/index.php?rest_route=%2Fwp%2Fv2%2Fmedia&parent=38630"}],"wp:term":[{"taxonomy":"category","embeddable":true,"href":"https:\/\/historiadofutebol.com\/blog\/index.php?rest_route=%2Fwp%2Fv2%2Fcategories&post=38630"},{"taxonomy":"post_tag","embeddable":true,"href":"https:\/\/historiadofutebol.com\/blog\/index.php?rest_route=%2Fwp%2Fv2%2Ftags&post=38630"}],"curies":[{"name":"wp","href":"https:\/\/api.w.org\/{rel}","templated":true}]}}