{"id":38593,"date":"2012-08-01T22:48:08","date_gmt":"2012-08-02T01:48:08","guid":{"rendered":"https:\/\/historiadofutebol.com\/blog\/?p=38593"},"modified":"2012-08-01T22:48:09","modified_gmt":"2012-08-02T01:48:09","slug":"s-c-surubim-surubimpe","status":"publish","type":"post","link":"https:\/\/historiadofutebol.com\/blog\/?p=38593","title":{"rendered":"S.C. SURUBIM &#8211; SURUBIM\/PE"},"content":{"rendered":"<p><a href=\"https:\/\/historiadofutebol.com\/blog\/?attachment_id=38594\" rel=\"attachment wp-att-38594\"><img loading=\"lazy\" decoding=\"async\" class=\"aligncenter size-large wp-image-38594\" src=\"https:\/\/historiadofutebol.com\/blog\/wp-content\/uploads\/2012\/08\/SPORT-CLUB-SURUBIM-PE-366x500.jpg\" alt=\"\" width=\"366\" height=\"500\" srcset=\"https:\/\/historiadofutebol.com\/blog\/wp-content\/uploads\/2012\/08\/SPORT-CLUB-SURUBIM-PE-366x500.jpg 366w, https:\/\/historiadofutebol.com\/blog\/wp-content\/uploads\/2012\/08\/SPORT-CLUB-SURUBIM-PE-219x300.jpg 219w, https:\/\/historiadofutebol.com\/blog\/wp-content\/uploads\/2012\/08\/SPORT-CLUB-SURUBIM-PE.jpg 1308w\" sizes=\"auto, (max-width: 366px) 100vw, 366px\" \/><\/a><\/p>\n<p>O Esporte Clube de Surubim,\u00a0foi fundado em 28 de julho de 1925 em frente a panificadora cristal na antiga rua Jo\u00e3o Pessoa, hoje rua Est\u00e1cio Coimbra, por\u00e9m seu grande edif\u00edcio est\u00e1 localizado na rua Antonio Farias, cujo local deixou grandes recorda\u00e7\u00f5es em diversas gera\u00e7\u00f5es, nos \u00faltimos 10 anos n\u00e3o me recordo de alguma festa que marcasse essa \u00faltima d\u00e9cada.<\/p>\n<p>&nbsp;<\/p>\n<p><a href=\"http:\/\/minharuatemmemoria.ning.com\/forum\/topics\/86-anos-do-esporte-clube-de-su\">http:\/\/minharuatemmemoria.ning.com\/forum\/topics\/86-anos-do-esporte-clube-de-su<\/a><\/p>\n<p>&nbsp;<\/p>\n","protected":false},"excerpt":{"rendered":"<p>O Esporte Clube de Surubim,\u00a0foi fundado em 28 de julho de 1925 em frente a panificadora cristal na antiga rua Jo\u00e3o Pessoa, hoje rua Est\u00e1cio Coimbra, por\u00e9m seu grande edif\u00edcio est\u00e1 localizado na rua Antonio Farias, cujo local deixou grandes recorda\u00e7\u00f5es em diversas gera\u00e7\u00f5es, nos \u00faltimos 10 anos n\u00e3o me recordo de alguma festa que [&hellip;]<\/p>\n","protected":false},"author":15,"featured_media":0,"comment_status":"open","ping_status":"closed","sticky":false,"template":"","format":"standard","meta":{"footnotes":""},"categories":[132,59,118,43],"tags":[],"class_list":["post-38593","post","type-post","status-publish","format-standard","hentry","category-rodrigo-oliveira","category-escudos","category-futebol-amador-varzeano","category-pernambuco"],"_links":{"self":[{"href":"https:\/\/historiadofutebol.com\/blog\/index.php?rest_route=\/wp\/v2\/posts\/38593","targetHints":{"allow":["GET"]}}],"collection":[{"href":"https:\/\/historiadofutebol.com\/blog\/index.php?rest_route=\/wp\/v2\/posts"}],"about":[{"href":"https:\/\/historiadofutebol.com\/blog\/index.php?rest_route=\/wp\/v2\/types\/post"}],"author":[{"embeddable":true,"href":"https:\/\/historiadofutebol.com\/blog\/index.php?rest_route=\/wp\/v2\/users\/15"}],"replies":[{"embeddable":true,"href":"https:\/\/historiadofutebol.com\/blog\/index.php?rest_route=%2Fwp%2Fv2%2Fcomments&post=38593"}],"version-history":[{"count":3,"href":"https:\/\/historiadofutebol.com\/blog\/index.php?rest_route=\/wp\/v2\/posts\/38593\/revisions"}],"predecessor-version":[{"id":38598,"href":"https:\/\/historiadofutebol.com\/blog\/index.php?rest_route=\/wp\/v2\/posts\/38593\/revisions\/38598"}],"wp:attachment":[{"href":"https:\/\/historiadofutebol.com\/blog\/index.php?rest_route=%2Fwp%2Fv2%2Fmedia&parent=38593"}],"wp:term":[{"taxonomy":"category","embeddable":true,"href":"https:\/\/historiadofutebol.com\/blog\/index.php?rest_route=%2Fwp%2Fv2%2Fcategories&post=38593"},{"taxonomy":"post_tag","embeddable":true,"href":"https:\/\/historiadofutebol.com\/blog\/index.php?rest_route=%2Fwp%2Fv2%2Ftags&post=38593"}],"curies":[{"name":"wp","href":"https:\/\/api.w.org\/{rel}","templated":true}]}}