{"id":38142,"date":"2012-07-24T03:02:13","date_gmt":"2012-07-24T06:02:13","guid":{"rendered":"https:\/\/historiadofutebol.com\/blog\/?p=38142"},"modified":"2012-07-24T03:02:13","modified_gmt":"2012-07-24T06:02:13","slug":"primavera-nova-esperanca-f-c-sao-jose-dos-campos-sp","status":"publish","type":"post","link":"https:\/\/historiadofutebol.com\/blog\/?p=38142","title":{"rendered":"Primavera Nova Esperan\u00e7a F.C. &#8211; S\u00e3o Jos\u00e9 dos Campos (SP)"},"content":{"rendered":"<p>&nbsp;<\/p>\n<p><img loading=\"lazy\" decoding=\"async\" class=\"aligncenter size-medium wp-image-38143\" src=\"https:\/\/historiadofutebol.com\/blog\/wp-content\/uploads\/2012\/07\/Primavera-Nova-Esperanca-FC-300x300.jpg\" alt=\"\" width=\"300\" height=\"300\" srcset=\"https:\/\/historiadofutebol.com\/blog\/wp-content\/uploads\/2012\/07\/Primavera-Nova-Esperanca-FC-300x300.jpg 300w, https:\/\/historiadofutebol.com\/blog\/wp-content\/uploads\/2012\/07\/Primavera-Nova-Esperanca-FC-150x150.jpg 150w, https:\/\/historiadofutebol.com\/blog\/wp-content\/uploads\/2012\/07\/Primavera-Nova-Esperanca-FC-500x500.jpg 500w, https:\/\/historiadofutebol.com\/blog\/wp-content\/uploads\/2012\/07\/Primavera-Nova-Esperanca-FC-96x96.jpg 96w, https:\/\/historiadofutebol.com\/blog\/wp-content\/uploads\/2012\/07\/Primavera-Nova-Esperanca-FC-24x24.jpg 24w, https:\/\/historiadofutebol.com\/blog\/wp-content\/uploads\/2012\/07\/Primavera-Nova-Esperanca-FC-36x36.jpg 36w, https:\/\/historiadofutebol.com\/blog\/wp-content\/uploads\/2012\/07\/Primavera-Nova-Esperanca-FC-48x48.jpg 48w, https:\/\/historiadofutebol.com\/blog\/wp-content\/uploads\/2012\/07\/Primavera-Nova-Esperanca-FC-64x64.jpg 64w, https:\/\/historiadofutebol.com\/blog\/wp-content\/uploads\/2012\/07\/Primavera-Nova-Esperanca-FC.jpg 570w\" sizes=\"auto, (max-width: 300px) 100vw, 300px\" \/><\/p>\n<p>O <strong><em>Primavera Nova Esperan\u00e7a Futebol Clube<\/em><\/strong> \u00e9 uma agremia\u00e7\u00e3o da Cidade de S\u00e3o Jos\u00e9 dos Campos (SP). A sua Sede fica localizada na Rua A, 80 &#8211; na Ch\u00e1caras Primavera &#8211; no Bairro Parque de Interlagos, em S\u00e3o Jos\u00e9 dos Campos.<\/p>\n","protected":false},"excerpt":{"rendered":"<p>&nbsp; O Primavera Nova Esperan\u00e7a Futebol Clube \u00e9 uma agremia\u00e7\u00e3o da Cidade de S\u00e3o Jos\u00e9 dos Campos (SP). A sua Sede fica localizada na Rua A, 80 &#8211; na Ch\u00e1caras Primavera &#8211; no Bairro Parque de Interlagos, em S\u00e3o Jos\u00e9 dos Campos.<\/p>\n","protected":false},"author":55,"featured_media":0,"comment_status":"open","ping_status":"closed","sticky":false,"template":"","format":"standard","meta":{"footnotes":""},"categories":[203,189,59,118,51],"tags":[],"class_list":["post-38142","post","type-post","status-publish","format-standard","hentry","category-sergio-mello","category-toninho-sereno","category-escudos","category-futebol-amador-varzeano","category-sao-paulo"],"_links":{"self":[{"href":"https:\/\/historiadofutebol.com\/blog\/index.php?rest_route=\/wp\/v2\/posts\/38142","targetHints":{"allow":["GET"]}}],"collection":[{"href":"https:\/\/historiadofutebol.com\/blog\/index.php?rest_route=\/wp\/v2\/posts"}],"about":[{"href":"https:\/\/historiadofutebol.com\/blog\/index.php?rest_route=\/wp\/v2\/types\/post"}],"author":[{"embeddable":true,"href":"https:\/\/historiadofutebol.com\/blog\/index.php?rest_route=\/wp\/v2\/users\/55"}],"replies":[{"embeddable":true,"href":"https:\/\/historiadofutebol.com\/blog\/index.php?rest_route=%2Fwp%2Fv2%2Fcomments&post=38142"}],"version-history":[{"count":1,"href":"https:\/\/historiadofutebol.com\/blog\/index.php?rest_route=\/wp\/v2\/posts\/38142\/revisions"}],"predecessor-version":[{"id":38144,"href":"https:\/\/historiadofutebol.com\/blog\/index.php?rest_route=\/wp\/v2\/posts\/38142\/revisions\/38144"}],"wp:attachment":[{"href":"https:\/\/historiadofutebol.com\/blog\/index.php?rest_route=%2Fwp%2Fv2%2Fmedia&parent=38142"}],"wp:term":[{"taxonomy":"category","embeddable":true,"href":"https:\/\/historiadofutebol.com\/blog\/index.php?rest_route=%2Fwp%2Fv2%2Fcategories&post=38142"},{"taxonomy":"post_tag","embeddable":true,"href":"https:\/\/historiadofutebol.com\/blog\/index.php?rest_route=%2Fwp%2Fv2%2Ftags&post=38142"}],"curies":[{"name":"wp","href":"https:\/\/api.w.org\/{rel}","templated":true}]}}