{"id":38082,"date":"2012-07-23T03:04:24","date_gmt":"2012-07-23T06:04:24","guid":{"rendered":"https:\/\/historiadofutebol.com\/blog\/?p=38082"},"modified":"2012-07-23T03:04:24","modified_gmt":"2012-07-23T06:04:24","slug":"e-c-paraiso-do-sol-sao-jose-dos-campos-sp","status":"publish","type":"post","link":"https:\/\/historiadofutebol.com\/blog\/?p=38082","title":{"rendered":"E.C. Para\u00edso do Sol &#8211; S\u00e3o Jos\u00e9 dos Campos (SP)"},"content":{"rendered":"<div>\n<p><img loading=\"lazy\" decoding=\"async\" class=\"aligncenter size-medium wp-image-38083\" src=\"https:\/\/historiadofutebol.com\/blog\/wp-content\/uploads\/2012\/07\/EC-Paraiso-do-Sol-Sao-Jose-dos-Campos-244x300.jpg\" alt=\"\" width=\"244\" height=\"300\" srcset=\"https:\/\/historiadofutebol.com\/blog\/wp-content\/uploads\/2012\/07\/EC-Paraiso-do-Sol-Sao-Jose-dos-Campos-244x300.jpg 244w, https:\/\/historiadofutebol.com\/blog\/wp-content\/uploads\/2012\/07\/EC-Paraiso-do-Sol-Sao-Jose-dos-Campos-406x500.jpg 406w, https:\/\/historiadofutebol.com\/blog\/wp-content\/uploads\/2012\/07\/EC-Paraiso-do-Sol-Sao-Jose-dos-Campos.jpg 554w\" sizes=\"auto, (max-width: 244px) 100vw, 244px\" \/><\/p>\n<p>O <strong><em>Esporte Clube Para\u00edso do Sol<\/em><\/strong> \u00e9 uma agremia\u00e7\u00e3o da\u00a0Cidade de S\u00e3o Jos\u00e9 dos Campos (SP). O clube, <strong><em>que foi Fundado em 1992<\/em><\/strong>, tem a sua Sede na Rua Oito, n\u00famero 305, no Bairro do Jardim Para\u00edso do Sol, em S\u00e3o Jos\u00e9 dos Campos.<\/p>\n<\/div>\n","protected":false},"excerpt":{"rendered":"<p>O Esporte Clube Para\u00edso do Sol \u00e9 uma agremia\u00e7\u00e3o da\u00a0Cidade de S\u00e3o Jos\u00e9 dos Campos (SP). O clube, que foi Fundado em 1992, tem a sua Sede na Rua Oito, n\u00famero 305, no Bairro do Jardim Para\u00edso do Sol, em S\u00e3o Jos\u00e9 dos Campos.<\/p>\n","protected":false},"author":55,"featured_media":0,"comment_status":"open","ping_status":"closed","sticky":false,"template":"","format":"standard","meta":{"footnotes":""},"categories":[203,189,59,118,51],"tags":[],"class_list":["post-38082","post","type-post","status-publish","format-standard","hentry","category-sergio-mello","category-toninho-sereno","category-escudos","category-futebol-amador-varzeano","category-sao-paulo"],"_links":{"self":[{"href":"https:\/\/historiadofutebol.com\/blog\/index.php?rest_route=\/wp\/v2\/posts\/38082","targetHints":{"allow":["GET"]}}],"collection":[{"href":"https:\/\/historiadofutebol.com\/blog\/index.php?rest_route=\/wp\/v2\/posts"}],"about":[{"href":"https:\/\/historiadofutebol.com\/blog\/index.php?rest_route=\/wp\/v2\/types\/post"}],"author":[{"embeddable":true,"href":"https:\/\/historiadofutebol.com\/blog\/index.php?rest_route=\/wp\/v2\/users\/55"}],"replies":[{"embeddable":true,"href":"https:\/\/historiadofutebol.com\/blog\/index.php?rest_route=%2Fwp%2Fv2%2Fcomments&post=38082"}],"version-history":[{"count":1,"href":"https:\/\/historiadofutebol.com\/blog\/index.php?rest_route=\/wp\/v2\/posts\/38082\/revisions"}],"predecessor-version":[{"id":38084,"href":"https:\/\/historiadofutebol.com\/blog\/index.php?rest_route=\/wp\/v2\/posts\/38082\/revisions\/38084"}],"wp:attachment":[{"href":"https:\/\/historiadofutebol.com\/blog\/index.php?rest_route=%2Fwp%2Fv2%2Fmedia&parent=38082"}],"wp:term":[{"taxonomy":"category","embeddable":true,"href":"https:\/\/historiadofutebol.com\/blog\/index.php?rest_route=%2Fwp%2Fv2%2Fcategories&post=38082"},{"taxonomy":"post_tag","embeddable":true,"href":"https:\/\/historiadofutebol.com\/blog\/index.php?rest_route=%2Fwp%2Fv2%2Ftags&post=38082"}],"curies":[{"name":"wp","href":"https:\/\/api.w.org\/{rel}","templated":true}]}}