{"id":38069,"date":"2012-07-23T00:38:36","date_gmt":"2012-07-23T03:38:36","guid":{"rendered":"https:\/\/historiadofutebol.com\/blog\/?p=38069"},"modified":"2012-07-23T01:39:58","modified_gmt":"2012-07-23T04:39:58","slug":"eugenio-de-melo-futebol-clube-sao-jose-dos-campos-sp","status":"publish","type":"post","link":"https:\/\/historiadofutebol.com\/blog\/?p=38069","title":{"rendered":"Eug\u00eanio de Melo F.C. &#8211; S\u00e3o Jos\u00e9 dos Campos (SP)"},"content":{"rendered":"<p>\u00a0<img loading=\"lazy\" decoding=\"async\" class=\"aligncenter size-medium wp-image-38070\" src=\"https:\/\/historiadofutebol.com\/blog\/wp-content\/uploads\/2012\/07\/Eugenio-de-Melo-FC-Sao-Jose-dos-Campos-300x298.jpg\" alt=\"\" width=\"300\" height=\"298\" srcset=\"https:\/\/historiadofutebol.com\/blog\/wp-content\/uploads\/2012\/07\/Eugenio-de-Melo-FC-Sao-Jose-dos-Campos-300x298.jpg 300w, https:\/\/historiadofutebol.com\/blog\/wp-content\/uploads\/2012\/07\/Eugenio-de-Melo-FC-Sao-Jose-dos-Campos-150x150.jpg 150w, https:\/\/historiadofutebol.com\/blog\/wp-content\/uploads\/2012\/07\/Eugenio-de-Melo-FC-Sao-Jose-dos-Campos-500x498.jpg 500w, https:\/\/historiadofutebol.com\/blog\/wp-content\/uploads\/2012\/07\/Eugenio-de-Melo-FC-Sao-Jose-dos-Campos-96x96.jpg 96w, https:\/\/historiadofutebol.com\/blog\/wp-content\/uploads\/2012\/07\/Eugenio-de-Melo-FC-Sao-Jose-dos-Campos-24x24.jpg 24w, https:\/\/historiadofutebol.com\/blog\/wp-content\/uploads\/2012\/07\/Eugenio-de-Melo-FC-Sao-Jose-dos-Campos-36x36.jpg 36w, https:\/\/historiadofutebol.com\/blog\/wp-content\/uploads\/2012\/07\/Eugenio-de-Melo-FC-Sao-Jose-dos-Campos-48x48.jpg 48w, https:\/\/historiadofutebol.com\/blog\/wp-content\/uploads\/2012\/07\/Eugenio-de-Melo-FC-Sao-Jose-dos-Campos-64x64.jpg 64w, https:\/\/historiadofutebol.com\/blog\/wp-content\/uploads\/2012\/07\/Eugenio-de-Melo-FC-Sao-Jose-dos-Campos.jpg 571w\" sizes=\"auto, (max-width: 300px) 100vw, 300px\" \/><\/p>\n<p>O <strong><em>Eug\u00eanio de Melo Futebol Clube<\/em><\/strong> \u00e9 uma agremia\u00e7\u00e3o da Cidade de S\u00e3o Jos\u00e9 dos Campos (SP). A sua Sede fica no Bairro de Eug\u00eanio de Melo. Foi campe\u00e3o do Bicenten\u00e1rio de S\u00e3o Jos\u00e9 dos Campos de 1967. Cinco anos depois, foi vice-campe\u00e3o do Campeonato Citadino de 1972, perdendo \u00e0 final para o Vasquinho pelo placar de 2 a 1.<\/p>\n","protected":false},"excerpt":{"rendered":"<p>\u00a0 O Eug\u00eanio de Melo Futebol Clube \u00e9 uma agremia\u00e7\u00e3o da Cidade de S\u00e3o Jos\u00e9 dos Campos (SP). A sua Sede fica no Bairro de Eug\u00eanio de Melo. Foi campe\u00e3o do Bicenten\u00e1rio de S\u00e3o Jos\u00e9 dos Campos de 1967. Cinco anos depois, foi vice-campe\u00e3o do Campeonato Citadino de 1972, perdendo \u00e0 final para o Vasquinho [&hellip;]<\/p>\n","protected":false},"author":55,"featured_media":0,"comment_status":"open","ping_status":"closed","sticky":false,"template":"","format":"standard","meta":{"footnotes":""},"categories":[203,189,59,118,51],"tags":[],"class_list":["post-38069","post","type-post","status-publish","format-standard","hentry","category-sergio-mello","category-toninho-sereno","category-escudos","category-futebol-amador-varzeano","category-sao-paulo"],"_links":{"self":[{"href":"https:\/\/historiadofutebol.com\/blog\/index.php?rest_route=\/wp\/v2\/posts\/38069","targetHints":{"allow":["GET"]}}],"collection":[{"href":"https:\/\/historiadofutebol.com\/blog\/index.php?rest_route=\/wp\/v2\/posts"}],"about":[{"href":"https:\/\/historiadofutebol.com\/blog\/index.php?rest_route=\/wp\/v2\/types\/post"}],"author":[{"embeddable":true,"href":"https:\/\/historiadofutebol.com\/blog\/index.php?rest_route=\/wp\/v2\/users\/55"}],"replies":[{"embeddable":true,"href":"https:\/\/historiadofutebol.com\/blog\/index.php?rest_route=%2Fwp%2Fv2%2Fcomments&post=38069"}],"version-history":[{"count":3,"href":"https:\/\/historiadofutebol.com\/blog\/index.php?rest_route=\/wp\/v2\/posts\/38069\/revisions"}],"predecessor-version":[{"id":38079,"href":"https:\/\/historiadofutebol.com\/blog\/index.php?rest_route=\/wp\/v2\/posts\/38069\/revisions\/38079"}],"wp:attachment":[{"href":"https:\/\/historiadofutebol.com\/blog\/index.php?rest_route=%2Fwp%2Fv2%2Fmedia&parent=38069"}],"wp:term":[{"taxonomy":"category","embeddable":true,"href":"https:\/\/historiadofutebol.com\/blog\/index.php?rest_route=%2Fwp%2Fv2%2Fcategories&post=38069"},{"taxonomy":"post_tag","embeddable":true,"href":"https:\/\/historiadofutebol.com\/blog\/index.php?rest_route=%2Fwp%2Fv2%2Ftags&post=38069"}],"curies":[{"name":"wp","href":"https:\/\/api.w.org\/{rel}","templated":true}]}}