{"id":36799,"date":"2012-07-02T00:22:02","date_gmt":"2012-07-02T03:22:02","guid":{"rendered":"https:\/\/historiadofutebol.com\/blog\/?p=36799"},"modified":"2012-07-02T00:22:02","modified_gmt":"2012-07-02T03:22:02","slug":"uniao-porto-futebol-clube-piracicaba-sp","status":"publish","type":"post","link":"https:\/\/historiadofutebol.com\/blog\/?p=36799","title":{"rendered":"Uni\u00e3o Porto Futebol Clube &#8211; Piracicaba (SP)"},"content":{"rendered":"<div>\n<p><img loading=\"lazy\" decoding=\"async\" class=\"aligncenter size-medium wp-image-36800\" src=\"https:\/\/historiadofutebol.com\/blog\/wp-content\/uploads\/2012\/07\/Uniao-Porto-FC-Piracicaba-25-08-1927-300x300.jpg\" alt=\"\" width=\"300\" height=\"300\" srcset=\"https:\/\/historiadofutebol.com\/blog\/wp-content\/uploads\/2012\/07\/Uniao-Porto-FC-Piracicaba-25-08-1927-300x300.jpg 300w, https:\/\/historiadofutebol.com\/blog\/wp-content\/uploads\/2012\/07\/Uniao-Porto-FC-Piracicaba-25-08-1927-150x150.jpg 150w, https:\/\/historiadofutebol.com\/blog\/wp-content\/uploads\/2012\/07\/Uniao-Porto-FC-Piracicaba-25-08-1927-500x500.jpg 500w, https:\/\/historiadofutebol.com\/blog\/wp-content\/uploads\/2012\/07\/Uniao-Porto-FC-Piracicaba-25-08-1927-96x96.jpg 96w, https:\/\/historiadofutebol.com\/blog\/wp-content\/uploads\/2012\/07\/Uniao-Porto-FC-Piracicaba-25-08-1927-24x24.jpg 24w, https:\/\/historiadofutebol.com\/blog\/wp-content\/uploads\/2012\/07\/Uniao-Porto-FC-Piracicaba-25-08-1927-36x36.jpg 36w, https:\/\/historiadofutebol.com\/blog\/wp-content\/uploads\/2012\/07\/Uniao-Porto-FC-Piracicaba-25-08-1927-48x48.jpg 48w, https:\/\/historiadofutebol.com\/blog\/wp-content\/uploads\/2012\/07\/Uniao-Porto-FC-Piracicaba-25-08-1927-64x64.jpg 64w, https:\/\/historiadofutebol.com\/blog\/wp-content\/uploads\/2012\/07\/Uniao-Porto-FC-Piracicaba-25-08-1927.jpg 571w\" sizes=\"auto, (max-width: 300px) 100vw, 300px\" \/><\/p>\n<p>O <span style=\"color: #800000\"><strong><em>Uni\u00e3o Porto Futebol Clube<\/em><\/strong><\/span> \u00e9 uma agremia\u00e7\u00e3o da cidade de Piracicaba (SP). <span style=\"color: #800000\"><strong><em>O clube foi Fundado no dia\u00a025 de Agosto de 1927<\/em><\/strong><\/span>. A sua Sede fica localizada na Rua do Porto, 174 &#8211; no Bairro do Parque da Rua do Porto, \u00a0em Piracicaba. O <strong><em><span style=\"color: #800000\">Uni\u00e3o Porto F.C.<\/span><\/em><\/strong> \u00e9 filiado \u00e0 <strong>Liga Piracicabana de Futebol <em>(LPF)<\/em>.\u00a0<\/strong><\/p>\n<p><img loading=\"lazy\" decoding=\"async\" class=\"aligncenter size-full wp-image-36801\" src=\"https:\/\/historiadofutebol.com\/blog\/wp-content\/uploads\/2012\/07\/Uniao-Porto-FC-Piracicaba.jpg\" alt=\"\" width=\"1182\" height=\"947\" srcset=\"https:\/\/historiadofutebol.com\/blog\/wp-content\/uploads\/2012\/07\/Uniao-Porto-FC-Piracicaba.jpg 1182w, https:\/\/historiadofutebol.com\/blog\/wp-content\/uploads\/2012\/07\/Uniao-Porto-FC-Piracicaba-300x240.jpg 300w, https:\/\/historiadofutebol.com\/blog\/wp-content\/uploads\/2012\/07\/Uniao-Porto-FC-Piracicaba-500x400.jpg 500w\" sizes=\"auto, (max-width: 1182px) 100vw, 1182px\" \/><\/p>\n<\/div>\n","protected":false},"excerpt":{"rendered":"<p>O Uni\u00e3o Porto Futebol Clube \u00e9 uma agremia\u00e7\u00e3o da cidade de Piracicaba (SP). O clube foi Fundado no dia\u00a025 de Agosto de 1927. A sua Sede fica localizada na Rua do Porto, 174 &#8211; no Bairro do Parque da Rua do Porto, \u00a0em Piracicaba. O Uni\u00e3o Porto F.C. \u00e9 filiado \u00e0 Liga Piracicabana de Futebol [&hellip;]<\/p>\n","protected":false},"author":55,"featured_media":0,"comment_status":"open","ping_status":"closed","sticky":false,"template":"","format":"standard","meta":{"footnotes":""},"categories":[203,189,59,118,52],"tags":[],"class_list":["post-36799","post","type-post","status-publish","format-standard","hentry","category-sergio-mello","category-toninho-sereno","category-escudos","category-futebol-amador-varzeano","category-sergipe"],"_links":{"self":[{"href":"https:\/\/historiadofutebol.com\/blog\/index.php?rest_route=\/wp\/v2\/posts\/36799","targetHints":{"allow":["GET"]}}],"collection":[{"href":"https:\/\/historiadofutebol.com\/blog\/index.php?rest_route=\/wp\/v2\/posts"}],"about":[{"href":"https:\/\/historiadofutebol.com\/blog\/index.php?rest_route=\/wp\/v2\/types\/post"}],"author":[{"embeddable":true,"href":"https:\/\/historiadofutebol.com\/blog\/index.php?rest_route=\/wp\/v2\/users\/55"}],"replies":[{"embeddable":true,"href":"https:\/\/historiadofutebol.com\/blog\/index.php?rest_route=%2Fwp%2Fv2%2Fcomments&post=36799"}],"version-history":[{"count":1,"href":"https:\/\/historiadofutebol.com\/blog\/index.php?rest_route=\/wp\/v2\/posts\/36799\/revisions"}],"predecessor-version":[{"id":36802,"href":"https:\/\/historiadofutebol.com\/blog\/index.php?rest_route=\/wp\/v2\/posts\/36799\/revisions\/36802"}],"wp:attachment":[{"href":"https:\/\/historiadofutebol.com\/blog\/index.php?rest_route=%2Fwp%2Fv2%2Fmedia&parent=36799"}],"wp:term":[{"taxonomy":"category","embeddable":true,"href":"https:\/\/historiadofutebol.com\/blog\/index.php?rest_route=%2Fwp%2Fv2%2Fcategories&post=36799"},{"taxonomy":"post_tag","embeddable":true,"href":"https:\/\/historiadofutebol.com\/blog\/index.php?rest_route=%2Fwp%2Fv2%2Ftags&post=36799"}],"curies":[{"name":"wp","href":"https:\/\/api.w.org\/{rel}","templated":true}]}}