{"id":36409,"date":"2012-06-26T21:53:02","date_gmt":"2012-06-27T00:53:02","guid":{"rendered":"https:\/\/historiadofutebol.com\/blog\/?p=36409"},"modified":"2012-07-04T15:43:58","modified_gmt":"2012-07-04T18:43:58","slug":"chapeu-e-passagem-para-a-grecia","status":"publish","type":"post","link":"https:\/\/historiadofutebol.com\/blog\/?p=36409","title":{"rendered":"CHAP\u00c9U E PASSAGEM PARA A GR\u00c9CIA."},"content":{"rendered":"<p><a href=\"https:\/\/historiadofutebol.com\/blog\/?attachment_id=36412\" rel=\"attachment wp-att-36412\"><img loading=\"lazy\" decoding=\"async\" class=\"aligncenter size-thumbnail wp-image-36412\" src=\"https:\/\/historiadofutebol.com\/blog\/wp-content\/uploads\/2012\/06\/Marcelo-150x150.jpg\" alt=\"\" width=\"150\" height=\"150\" srcset=\"https:\/\/historiadofutebol.com\/blog\/wp-content\/uploads\/2012\/06\/Marcelo-150x150.jpg 150w, https:\/\/historiadofutebol.com\/blog\/wp-content\/uploads\/2012\/06\/Marcelo-96x96.jpg 96w, https:\/\/historiadofutebol.com\/blog\/wp-content\/uploads\/2012\/06\/Marcelo-24x24.jpg 24w, https:\/\/historiadofutebol.com\/blog\/wp-content\/uploads\/2012\/06\/Marcelo-36x36.jpg 36w, https:\/\/historiadofutebol.com\/blog\/wp-content\/uploads\/2012\/06\/Marcelo-48x48.jpg 48w, https:\/\/historiadofutebol.com\/blog\/wp-content\/uploads\/2012\/06\/Marcelo-64x64.jpg 64w\" sizes=\"auto, (max-width: 150px) 100vw, 150px\" \/><\/a><\/p>\n<p>A partida valia pela segunda fase do Campeonato Paulista de 1988. S\u00e3o Paulo e Palmeiras empatavam em 1&#215;1, quando o centroavante Marcelo, rec\u00e9m sa\u00eddo dos juniores, entrou em campo no lugar de Anilton. Ele n\u00e3o passava de uma promessa, descoberta pelo t\u00e9cnico Cilinho, mas em pouco tempo transmitiu a impress\u00e3o de que poderia ser um craque. Recebeu um lan\u00e7amento pelo alto do tamb\u00e9m centroavante Ney, percebeu a chegada da marca\u00e7\u00e3o e deu um leve toque, encobrindo o zagueiro Nen\u00ea. Para completar o chap\u00e9u, disparou uma bomba, de p\u00e9 esquerdo, que ainda tocou na trave do ent\u00e3o goleiro palmeirense Zetti, o lance de g\u00eanio valeu para Marcelo algumas partidas com a camisa titular. Rapidamente, por\u00e9m, a torcida percebeu que seu futebol n\u00e3o continha a genialidade que aquele gol fazia imaginar. Por isso, o centroavante come\u00e7ou a perambular por clubes de menor express\u00e3o e chegou a figurar no banco de reservas do Bahia. S\u00f3 os dirigentes da Gr\u00e9cia continuaram impressionados com a beleza do gol marcado contra o Palmeiras em 1988, e levaram-no para o Xanthi.<\/p>\n<p>Fonte: Revista Placar.<\/p>\n","protected":false},"excerpt":{"rendered":"<p>A partida valia pela segunda fase do Campeonato Paulista de 1988. S\u00e3o Paulo e Palmeiras empatavam em 1&#215;1, quando o centroavante Marcelo, rec\u00e9m sa\u00eddo dos juniores, entrou em campo no lugar de Anilton. Ele n\u00e3o passava de uma promessa, descoberta pelo t\u00e9cnico Cilinho, mas em pouco tempo transmitiu a impress\u00e3o de que poderia ser um [&hellip;]<\/p>\n","protected":false},"author":25,"featured_media":0,"comment_status":"open","ping_status":"closed","sticky":false,"template":"","format":"standard","meta":{"footnotes":""},"categories":[210,51],"tags":[],"class_list":["post-36409","post","type-post","status-publish","format-standard","hentry","category-gilvanir-alves","category-sao-paulo"],"_links":{"self":[{"href":"https:\/\/historiadofutebol.com\/blog\/index.php?rest_route=\/wp\/v2\/posts\/36409","targetHints":{"allow":["GET"]}}],"collection":[{"href":"https:\/\/historiadofutebol.com\/blog\/index.php?rest_route=\/wp\/v2\/posts"}],"about":[{"href":"https:\/\/historiadofutebol.com\/blog\/index.php?rest_route=\/wp\/v2\/types\/post"}],"author":[{"embeddable":true,"href":"https:\/\/historiadofutebol.com\/blog\/index.php?rest_route=\/wp\/v2\/users\/25"}],"replies":[{"embeddable":true,"href":"https:\/\/historiadofutebol.com\/blog\/index.php?rest_route=%2Fwp%2Fv2%2Fcomments&post=36409"}],"version-history":[{"count":7,"href":"https:\/\/historiadofutebol.com\/blog\/index.php?rest_route=\/wp\/v2\/posts\/36409\/revisions"}],"predecessor-version":[{"id":37048,"href":"https:\/\/historiadofutebol.com\/blog\/index.php?rest_route=\/wp\/v2\/posts\/36409\/revisions\/37048"}],"wp:attachment":[{"href":"https:\/\/historiadofutebol.com\/blog\/index.php?rest_route=%2Fwp%2Fv2%2Fmedia&parent=36409"}],"wp:term":[{"taxonomy":"category","embeddable":true,"href":"https:\/\/historiadofutebol.com\/blog\/index.php?rest_route=%2Fwp%2Fv2%2Fcategories&post=36409"},{"taxonomy":"post_tag","embeddable":true,"href":"https:\/\/historiadofutebol.com\/blog\/index.php?rest_route=%2Fwp%2Fv2%2Ftags&post=36409"}],"curies":[{"name":"wp","href":"https:\/\/api.w.org\/{rel}","templated":true}]}}