{"id":36117,"date":"2012-06-22T18:19:55","date_gmt":"2012-06-22T21:19:55","guid":{"rendered":"https:\/\/historiadofutebol.com\/blog\/?p=36117"},"modified":"2012-06-22T18:28:57","modified_gmt":"2012-06-22T21:28:57","slug":"campeonato-carioca-de-1926-apresentacao-dos-clubes-vasco-da-gama","status":"publish","type":"post","link":"https:\/\/historiadofutebol.com\/blog\/?p=36117","title":{"rendered":"Campeonato Carioca de 1926 &#8211; Apresenta\u00e7\u00e3o dos clubes: Vasco da Gama"},"content":{"rendered":"<p>\u00a0O <strong><em>Jornal O Imparcial, no dia 30 de mar\u00e7o de 1926,<\/em><\/strong> fez uma apresenta\u00e7\u00e3o do Campeonato Carioca de 1926, organizado pela Associa\u00e7\u00e3o Metropolitana de Esportes Athl\u00e9ticos (AMEA), apresentando os 10 clubes participantes, bastante interessantes.\u00a0 Com o time posado e abaixo uma breve s\u00edntese de cada equipe.\u00a0<\/p>\n<p>O destaque ficou por conta do <strong>Vasco da Gama<\/strong>, campe\u00e3o do Estadual de 1925. Contudo, na mat\u00e9ria sobre a cruz-de-malta \u00e0 foto do time fora cortada, e, infelizmente, foi \u00e0 \u00fanica equipe sem a imagem.\u00a0\u00a0no final, o Vasco terminou como o vice-campe\u00e3o de 1926.\u00a0<\/p>\n<p>\u00a0<img decoding=\"async\" class=\"aligncenter size-full wp-image-36118\" src=\"https:\/\/historiadofutebol.com\/blog\/wp-content\/uploads\/2012\/06\/VAsco.jpg\" alt=\"\" \/><\/p>\n","protected":false},"excerpt":{"rendered":"<p>\u00a0O Jornal O Imparcial, no dia 30 de mar\u00e7o de 1926, fez uma apresenta\u00e7\u00e3o do Campeonato Carioca de 1926, organizado pela Associa\u00e7\u00e3o Metropolitana de Esportes Athl\u00e9ticos (AMEA), apresentando os 10 clubes participantes, bastante interessantes.\u00a0 Com o time posado e abaixo uma breve s\u00edntese de cada equipe.\u00a0 O destaque ficou por conta do Vasco da Gama, [&hellip;]<\/p>\n","protected":false},"author":55,"featured_media":0,"comment_status":"open","ping_status":"closed","sticky":false,"template":"","format":"standard","meta":{"footnotes":""},"categories":[203,83,3,47],"tags":[],"class_list":["post-36117","post","type-post","status-publish","format-standard","hentry","category-sergio-mello","category-x9-curiosidades","category-historia-do-futebol","category-rio-de-janeiro"],"_links":{"self":[{"href":"https:\/\/historiadofutebol.com\/blog\/index.php?rest_route=\/wp\/v2\/posts\/36117","targetHints":{"allow":["GET"]}}],"collection":[{"href":"https:\/\/historiadofutebol.com\/blog\/index.php?rest_route=\/wp\/v2\/posts"}],"about":[{"href":"https:\/\/historiadofutebol.com\/blog\/index.php?rest_route=\/wp\/v2\/types\/post"}],"author":[{"embeddable":true,"href":"https:\/\/historiadofutebol.com\/blog\/index.php?rest_route=\/wp\/v2\/users\/55"}],"replies":[{"embeddable":true,"href":"https:\/\/historiadofutebol.com\/blog\/index.php?rest_route=%2Fwp%2Fv2%2Fcomments&post=36117"}],"version-history":[{"count":3,"href":"https:\/\/historiadofutebol.com\/blog\/index.php?rest_route=\/wp\/v2\/posts\/36117\/revisions"}],"predecessor-version":[{"id":36127,"href":"https:\/\/historiadofutebol.com\/blog\/index.php?rest_route=\/wp\/v2\/posts\/36117\/revisions\/36127"}],"wp:attachment":[{"href":"https:\/\/historiadofutebol.com\/blog\/index.php?rest_route=%2Fwp%2Fv2%2Fmedia&parent=36117"}],"wp:term":[{"taxonomy":"category","embeddable":true,"href":"https:\/\/historiadofutebol.com\/blog\/index.php?rest_route=%2Fwp%2Fv2%2Fcategories&post=36117"},{"taxonomy":"post_tag","embeddable":true,"href":"https:\/\/historiadofutebol.com\/blog\/index.php?rest_route=%2Fwp%2Fv2%2Ftags&post=36117"}],"curies":[{"name":"wp","href":"https:\/\/api.w.org\/{rel}","templated":true}]}}