{"id":36107,"date":"2012-06-22T16:38:52","date_gmt":"2012-06-22T19:38:52","guid":{"rendered":"https:\/\/historiadofutebol.com\/blog\/?p=36107"},"modified":"2012-06-22T16:40:14","modified_gmt":"2012-06-22T19:40:14","slug":"no-dia-em-que-o-c-r-flamengo-ganhou-a-sua-casa-propria","status":"publish","type":"post","link":"https:\/\/historiadofutebol.com\/blog\/?p=36107","title":{"rendered":"No dia em que o C.R. Flamengo ganhou a &#8216;sua casa pr\u00f3pria&#8217;"},"content":{"rendered":"<p>Uma data hist\u00f3rica para o <strong><em>Clube de Regatas Flamengo<\/em><\/strong>, aconteceu numa <strong>segunda-feira, do dia 22 de mar\u00e7o de 1926<\/strong>. Se algu\u00e9m est\u00e1 puxando pela mem\u00f3ria algum t\u00edtulo naquele ano&#8230; Antecipo que o Rubro-negro n\u00e3o conquistou nenhuma ta\u00e7a.<\/p>\n<p>O \u00edmpar n\u00e3o teve rela\u00e7\u00e3o dentro das quatro linhas, mas sim fora dela. Ap\u00f3s 14 anos jogando em campo alugado <em>(Est\u00e1dio da Rua Paysandu, nas Laranjeiras)<\/em>, o ent\u00e3o Prefeito do Rio <em>(na \u00e9poca chamada de Distrito Federal)<\/em>, Alaor Prata, concedeu o arrendamento ao <strong><em>Flamengo<\/em><\/strong>, a sua atual Sede e est\u00e1dio da G\u00e1vea.<\/p>\n<p>A partir da\u00ed, o <strong><em>Flamengo<\/em><\/strong> passou a ter a sua casa e uma d\u00e9cada depois o Est\u00e1dio j\u00e1 estava bem adiantado <strong>(foto)<\/strong>. Veja abaixo reportagem no <strong><em>Jornal O Imparcial, no dia 23 de mar\u00e7o de 1926<\/em><\/strong><\/p>\n<p>\u00a0<img loading=\"lazy\" decoding=\"async\" class=\"aligncenter size-full wp-image-36108\" src=\"https:\/\/historiadofutebol.com\/blog\/wp-content\/uploads\/2012\/06\/Estadio-da-Gavea.jpg\" alt=\"\" width=\"1080\" height=\"1979\" srcset=\"https:\/\/historiadofutebol.com\/blog\/wp-content\/uploads\/2012\/06\/Estadio-da-Gavea.jpg 1080w, https:\/\/historiadofutebol.com\/blog\/wp-content\/uploads\/2012\/06\/Estadio-da-Gavea-163x300.jpg 163w\" sizes=\"auto, (max-width: 1080px) 100vw, 1080px\" \/><\/p>\n<p>\u00a0<img loading=\"lazy\" decoding=\"async\" class=\"aligncenter size-full wp-image-36109\" src=\"https:\/\/historiadofutebol.com\/blog\/wp-content\/uploads\/2012\/06\/Gavea-Anos-1940.jpg\" alt=\"\" width=\"500\" height=\"306\" srcset=\"https:\/\/historiadofutebol.com\/blog\/wp-content\/uploads\/2012\/06\/Gavea-Anos-1940.jpg 500w, https:\/\/historiadofutebol.com\/blog\/wp-content\/uploads\/2012\/06\/Gavea-Anos-1940-300x183.jpg 300w\" sizes=\"auto, (max-width: 500px) 100vw, 500px\" \/><\/p>\n<p>&nbsp;<\/p>\n<p>\u00a0<em><strong>Fonte e Fotos:<\/strong> Jornal O Imparcial \/ JS<\/em><\/p>\n","protected":false},"excerpt":{"rendered":"<p>Uma data hist\u00f3rica para o Clube de Regatas Flamengo, aconteceu numa segunda-feira, do dia 22 de mar\u00e7o de 1926. Se algu\u00e9m est\u00e1 puxando pela mem\u00f3ria algum t\u00edtulo naquele ano&#8230; Antecipo que o Rubro-negro n\u00e3o conquistou nenhuma ta\u00e7a. O \u00edmpar n\u00e3o teve rela\u00e7\u00e3o dentro das quatro linhas, mas sim fora dela. Ap\u00f3s 14 anos jogando em [&hellip;]<\/p>\n","protected":false},"author":55,"featured_media":0,"comment_status":"open","ping_status":"closed","sticky":false,"template":"","format":"standard","meta":{"footnotes":""},"categories":[203,83,3,47],"tags":[],"class_list":["post-36107","post","type-post","status-publish","format-standard","hentry","category-sergio-mello","category-x9-curiosidades","category-historia-do-futebol","category-rio-de-janeiro"],"_links":{"self":[{"href":"https:\/\/historiadofutebol.com\/blog\/index.php?rest_route=\/wp\/v2\/posts\/36107","targetHints":{"allow":["GET"]}}],"collection":[{"href":"https:\/\/historiadofutebol.com\/blog\/index.php?rest_route=\/wp\/v2\/posts"}],"about":[{"href":"https:\/\/historiadofutebol.com\/blog\/index.php?rest_route=\/wp\/v2\/types\/post"}],"author":[{"embeddable":true,"href":"https:\/\/historiadofutebol.com\/blog\/index.php?rest_route=\/wp\/v2\/users\/55"}],"replies":[{"embeddable":true,"href":"https:\/\/historiadofutebol.com\/blog\/index.php?rest_route=%2Fwp%2Fv2%2Fcomments&post=36107"}],"version-history":[{"count":3,"href":"https:\/\/historiadofutebol.com\/blog\/index.php?rest_route=\/wp\/v2\/posts\/36107\/revisions"}],"predecessor-version":[{"id":36112,"href":"https:\/\/historiadofutebol.com\/blog\/index.php?rest_route=\/wp\/v2\/posts\/36107\/revisions\/36112"}],"wp:attachment":[{"href":"https:\/\/historiadofutebol.com\/blog\/index.php?rest_route=%2Fwp%2Fv2%2Fmedia&parent=36107"}],"wp:term":[{"taxonomy":"category","embeddable":true,"href":"https:\/\/historiadofutebol.com\/blog\/index.php?rest_route=%2Fwp%2Fv2%2Fcategories&post=36107"},{"taxonomy":"post_tag","embeddable":true,"href":"https:\/\/historiadofutebol.com\/blog\/index.php?rest_route=%2Fwp%2Fv2%2Ftags&post=36107"}],"curies":[{"name":"wp","href":"https:\/\/api.w.org\/{rel}","templated":true}]}}