{"id":35728,"date":"2012-06-16T23:05:09","date_gmt":"2012-06-17T02:05:09","guid":{"rendered":"https:\/\/historiadofutebol.com\/blog\/?p=35728"},"modified":"2012-06-16T23:05:09","modified_gmt":"2012-06-17T02:05:09","slug":"gremio-recreativo-sade-da-casa-verde-capital-sp","status":"publish","type":"post","link":"https:\/\/historiadofutebol.com\/blog\/?p=35728","title":{"rendered":"Gr\u00eamio Recreativo Sade da Casa Verde &#8211; Capital (SP)"},"content":{"rendered":"<div><img loading=\"lazy\" decoding=\"async\" class=\"aligncenter size-medium wp-image-35729\" src=\"https:\/\/historiadofutebol.com\/blog\/wp-content\/uploads\/2012\/06\/GR-Sade-da-Casa-Verde-Capital-1963-300x300.jpg\" alt=\"\" width=\"300\" height=\"300\" srcset=\"https:\/\/historiadofutebol.com\/blog\/wp-content\/uploads\/2012\/06\/GR-Sade-da-Casa-Verde-Capital-1963-300x300.jpg 300w, https:\/\/historiadofutebol.com\/blog\/wp-content\/uploads\/2012\/06\/GR-Sade-da-Casa-Verde-Capital-1963-150x150.jpg 150w, https:\/\/historiadofutebol.com\/blog\/wp-content\/uploads\/2012\/06\/GR-Sade-da-Casa-Verde-Capital-1963-500x500.jpg 500w, https:\/\/historiadofutebol.com\/blog\/wp-content\/uploads\/2012\/06\/GR-Sade-da-Casa-Verde-Capital-1963-96x96.jpg 96w, https:\/\/historiadofutebol.com\/blog\/wp-content\/uploads\/2012\/06\/GR-Sade-da-Casa-Verde-Capital-1963-24x24.jpg 24w, https:\/\/historiadofutebol.com\/blog\/wp-content\/uploads\/2012\/06\/GR-Sade-da-Casa-Verde-Capital-1963-36x36.jpg 36w, https:\/\/historiadofutebol.com\/blog\/wp-content\/uploads\/2012\/06\/GR-Sade-da-Casa-Verde-Capital-1963-48x48.jpg 48w, https:\/\/historiadofutebol.com\/blog\/wp-content\/uploads\/2012\/06\/GR-Sade-da-Casa-Verde-Capital-1963-64x64.jpg 64w, https:\/\/historiadofutebol.com\/blog\/wp-content\/uploads\/2012\/06\/GR-Sade-da-Casa-Verde-Capital-1963.jpg 572w\" sizes=\"auto, (max-width: 300px) 100vw, 300px\" \/><\/div>\n<div>\n<div>O <span style=\"color: #000080\"><strong><em>Gr\u00eamio Recreativo Sade da Casa Verde<\/em><\/strong><\/span> \u00e9 uma agremia\u00e7\u00e3o da cidade de S\u00e3o Paulo (SP). <span style=\"color: #0000ff\"><strong><em>O clube\u00a0Alvianil foi Fundado no dia 21 de Mar\u00e7o de 1963<\/em><\/strong><\/span>, e a sua Sede e o seu belo est\u00e1dio ficam localizados na\u00a0Rua Marambaia n\u00famero 802, no Bairro da Casa Verde, na Zona Norte da Capital Paulistana.\u00a0Atualmente, o <span style=\"color: #000080\"><strong><em>G.R. Sade da Casa Verde\u00a0<\/em><\/strong><\/span>\u00e9 presidido por <span style=\"color: #0000ff\"><strong>Edson Sena<\/strong><\/span>.<\/div>\n<\/div>\n","protected":false},"excerpt":{"rendered":"<p>O Gr\u00eamio Recreativo Sade da Casa Verde \u00e9 uma agremia\u00e7\u00e3o da cidade de S\u00e3o Paulo (SP). O clube\u00a0Alvianil foi Fundado no dia 21 de Mar\u00e7o de 1963, e a sua Sede e o seu belo est\u00e1dio ficam localizados na\u00a0Rua Marambaia n\u00famero 802, no Bairro da Casa Verde, na Zona Norte da Capital Paulistana.\u00a0Atualmente, o G.R. [&hellip;]<\/p>\n","protected":false},"author":55,"featured_media":0,"comment_status":"open","ping_status":"closed","sticky":false,"template":"","format":"standard","meta":{"footnotes":""},"categories":[203,189,59,118,51],"tags":[],"class_list":["post-35728","post","type-post","status-publish","format-standard","hentry","category-sergio-mello","category-toninho-sereno","category-escudos","category-futebol-amador-varzeano","category-sao-paulo"],"_links":{"self":[{"href":"https:\/\/historiadofutebol.com\/blog\/index.php?rest_route=\/wp\/v2\/posts\/35728","targetHints":{"allow":["GET"]}}],"collection":[{"href":"https:\/\/historiadofutebol.com\/blog\/index.php?rest_route=\/wp\/v2\/posts"}],"about":[{"href":"https:\/\/historiadofutebol.com\/blog\/index.php?rest_route=\/wp\/v2\/types\/post"}],"author":[{"embeddable":true,"href":"https:\/\/historiadofutebol.com\/blog\/index.php?rest_route=\/wp\/v2\/users\/55"}],"replies":[{"embeddable":true,"href":"https:\/\/historiadofutebol.com\/blog\/index.php?rest_route=%2Fwp%2Fv2%2Fcomments&post=35728"}],"version-history":[{"count":1,"href":"https:\/\/historiadofutebol.com\/blog\/index.php?rest_route=\/wp\/v2\/posts\/35728\/revisions"}],"predecessor-version":[{"id":35730,"href":"https:\/\/historiadofutebol.com\/blog\/index.php?rest_route=\/wp\/v2\/posts\/35728\/revisions\/35730"}],"wp:attachment":[{"href":"https:\/\/historiadofutebol.com\/blog\/index.php?rest_route=%2Fwp%2Fv2%2Fmedia&parent=35728"}],"wp:term":[{"taxonomy":"category","embeddable":true,"href":"https:\/\/historiadofutebol.com\/blog\/index.php?rest_route=%2Fwp%2Fv2%2Fcategories&post=35728"},{"taxonomy":"post_tag","embeddable":true,"href":"https:\/\/historiadofutebol.com\/blog\/index.php?rest_route=%2Fwp%2Fv2%2Ftags&post=35728"}],"curies":[{"name":"wp","href":"https:\/\/api.w.org\/{rel}","templated":true}]}}