{"id":35653,"date":"2012-06-15T19:31:38","date_gmt":"2012-06-15T22:31:38","guid":{"rendered":"https:\/\/historiadofutebol.com\/blog\/?p=35653"},"modified":"2012-06-15T19:33:28","modified_gmt":"2012-06-15T22:33:28","slug":"oriente-atletico-clube-capital-rj-fundado-em-1927","status":"publish","type":"post","link":"https:\/\/historiadofutebol.com\/blog\/?p=35653","title":{"rendered":"Oriente A.C. &#8211; Capital (RJ) &#8211; Fundado em 1927"},"content":{"rendered":"<p><img loading=\"lazy\" decoding=\"async\" class=\"aligncenter size-medium wp-image-35654\" src=\"https:\/\/historiadofutebol.com\/blog\/wp-content\/uploads\/2012\/06\/Oriente-AC-Santa-Cruz-233x300.jpg\" alt=\"\" width=\"233\" height=\"300\" srcset=\"https:\/\/historiadofutebol.com\/blog\/wp-content\/uploads\/2012\/06\/Oriente-AC-Santa-Cruz-233x300.jpg 233w, https:\/\/historiadofutebol.com\/blog\/wp-content\/uploads\/2012\/06\/Oriente-AC-Santa-Cruz-389x500.jpg 389w, https:\/\/historiadofutebol.com\/blog\/wp-content\/uploads\/2012\/06\/Oriente-AC-Santa-Cruz.jpg 577w\" sizes=\"auto, (max-width: 233px) 100vw, 233px\" \/><\/p>\n<p>&nbsp;<\/p>\n<p>O clube tamb\u00e9m tinha carteirinha de s\u00f3cios e a n\u00famero 1, foi a dona Erin\u00e9ia ( Dad\u00e1). Ela nos cedeu a carteirinha para postarmos as imagens ( matr\u00edcula 1)&#8230;\u00e9 isso a\u00ed, Oriente no cora\u00e7\u00e3o!<\/p>\n<p><img decoding=\"async\" src=\"http:\/\/orienteatleticoclube.webs.com\/000_0006b.JPG\" alt=\"\" border=\"0\" \/><\/p>\n<p><img decoding=\"async\" src=\"http:\/\/orienteatleticoclube.webs.com\/000_0007a.jpg\" alt=\"\" border=\"0\" \/><\/p>\n<div>\u00a0<\/div>\n<div>\n<div>\u00a0<\/div>\n<h3><a name=\"797024169\"><\/a><!-- ParagraphTitleStart -->\u00a0 A verdadeira hist\u00f3ria contada e documentada <!-- ParagraphTitleEnd --><\/h3>\n<div><!-- ParagraphBodyStart --><strong>Antes de come\u00e7ar esse artigo, quero agradecer ao\u00a0 Jorge Dur\u00e3o, ex atleta do Oriente, que nos cedeu um jornal datado de maio\/junho de 1996, chamado Quarteir\u00e3o<\/strong>.\u00a0No artigo denominado mem\u00f3rias do futebol : SANTA CRUZ BOA DE BOLA , o jornal da regi\u00e3o, chamado\u00a0 Quarteir\u00e3o, realizou uma reportagem com entrevistas de alguns dos clubes\u00a0 que\u00a0 faziam parte do campeonato da 2\u00aa divis\u00e3o, conhecido como departamento aut\u00f4nomo. Dentre elas, o Distinta Atl\u00e9tico Clube, o Oriente Atl\u00e9tico Clube e\u00a0 Esporte Clube Guanabara. <img loading=\"lazy\" decoding=\"async\" src=\"http:\/\/orienteatleticoclube.webs.com\/100_1852.JPG\" alt=\"\" width=\"600\" height=\"450\" border=\"0\" \/>\u00a0 A reportagem esclarece n\u00e3o s\u00f3 como o clube foi fundado e por quem, como mostra de onde veio o nome Oriente e a cor de sua camisa, encarnado e branco.<\/p>\n<p>\u00a0<img decoding=\"async\" src=\"http:\/\/orienteatleticoclube.webs.com\/nome%20do%20clube.jpg\" alt=\"\" border=\"0\" \/><\/p>\n<p><span style=\"color: #8c002b\"><strong>\u00a0A escolha do nome do clube <\/strong><\/span><\/p>\n<p>\u00a0<span style=\"color: #e8141b\"> &#8221; Todas as manh\u00e3s o sol surge no nascente ou oriente. Com a sua chegada a vida ganha uma nova dimens\u00e3o, com alegria e a felicidade estampadas nos rostos das pessoas. Da mesma forma, o novo clube marcaria a vida da comunidade, espalhando muita alegria e felicidade entre todos. Para a juventude seria um fator de desenvolvimento, aprimoramento de sua vitalidade e condicionamento mental e f\u00edsico&#8221;. <\/span><\/p>\n<p>\u00a0( Ant\u00f4nio da Costa).<\/p>\n<p>\u00a0 <strong><span style=\"color: #8c002b\">As cores<\/span><\/strong><\/p>\n<p><img loading=\"lazy\" decoding=\"async\" src=\"http:\/\/orienteatleticoclube.webs.com\/cor%20da%20camisa.jpg\" alt=\"\" width=\"437\" height=\"0\" border=\"0\" \/><\/p>\n<p><span style=\"color: #ef593d\">\u00a0<span style=\"color: #e8141b\">&#8221; Os empregados entravam pela manh\u00e3 no abatedouro com a roupa na mais completa alvura; sa\u00edam com a tonalidade vermelha do sangue do gado abatido &#8220;. <\/span><\/span><\/p>\n<p>\u00a0( Ant\u00f4nio da Costa).<\/p>\n<p>\u00a0 <span style=\"color: #8c002b\"><strong>Charge feita em homenagem aos clubes retratados na reportagem <\/strong><\/span><\/p>\n<p>\u00a0<img decoding=\"async\" src=\"http:\/\/orienteatleticoclube.webs.com\/charge%20feita%20sobre%20os%20clubes.jpg\" alt=\"\" border=\"0\" \/><\/p>\n<p><span style=\"color: #e80c49\"><strong>\u00a0 <span style=\"color: #8c002b\">A mat\u00e9ria completa do jornal Quarteir\u00e3o de 1996. <\/span><\/strong><\/span><img loading=\"lazy\" decoding=\"async\" src=\"http:\/\/orienteatleticoclube.webs.com\/reportagem%20completa.jpg\" alt=\"\" width=\"437\" height=\"0\" border=\"0\" \/><\/p>\n<p>\u00a0\u00a0\u00a0 Quebrar a monotonia dos fins de semana longe das atividades que envolviam o funcionamento do com\u00e9rcio e do matadouro local, foi o fator preponderante para a funda\u00e7\u00e3o do Oriente Atl\u00e9tico Clube por um grupo de pessoas, moradoras onde hoje est\u00e3o localizadas a Rua Auristela, trecho inicial da Av. Areia Branca, final da Rua Nestor, Largo do Bodeg\u00e3o\u00a0 e Rua Macap\u00e1.<\/p>\n<p>\u00a0 \u00a0 Essa id\u00e9ia h\u00e1 muito j\u00e1 martelava a mente de Ant\u00f4nio Joaquim da Costa. Imbu\u00eddo do esp\u00edrito criador que trazia dentro de si, herdado de seus antepassados, reuniu um grupo de amigos que partilhavam do mesmo pensamento e na antiga Pra\u00e7a do Gonzaga, concretizaram um ideal:\u00a0 criar uma agremia\u00e7\u00e3o esportiva que preenchesse o vazio de seus domingos. Era o dia <strong>13 de junho de 1927<\/strong>, data consagrada a Santo Ant\u00f4nio. Nascia o Oriente Atl\u00e9tico Clube. Tamb\u00e9m participaram dessa primeira reuni\u00e3o: S\u00edlvio de Moraes, Orlando Borges do Amaral e En\u00e9as Borges do Amaral.<\/p>\n<p>\u00a0 \u00a0 A escolha do nome do clube e da cor de sua camisa foram as etapas seguintes para que a id\u00e9ia vingasse. O nome partiu do pr\u00f3prio Ant\u00f4nio da Costa\u00a0 que denominou o novo clube de Oriente. A raz\u00e3o da escolha foi explicada: <span style=\"color: #000000\">Todas as manh\u00e3s o sol surge no nascente ou oriente. Com a sua chegada a vida ganha uma nova dimens\u00e3o, com alegria e a felicidade estampadas nos rostos das pessoas. Da mesma forma, o novo clube marcaria a vida da comunidade, espalhando muita alegria e felicidade entre todos. Para a juventude seria um fator de desenvolvimento, aprimoramento de sua vitalidade e condicionamento mental e f\u00edsico.<\/span><\/p>\n<p>\u00a0\u00a0 A id\u00e9ia da cor da camisa ser nas tonalidades vermelha e branca partiu mais uma vez, de Ant\u00f4nio da Costa prontamente justificada e aceita pelos presentes na discuss\u00e3o. Como \u00e9 amplamente sabido, o Matadouro tinha, naquela \u00e9poca, uma grande import\u00e2ncia para a regi\u00e3o, pois quase todas as fam\u00edlias tinham um de seus membros como funcion\u00e1rio do estabelecimento. Desse fato partiu a justificativa : <span style=\"color: #000000\">Os empregados entravam pela manh\u00e3 no abatedouro com a roupa na mais completa alvura; sa\u00edam com a tonalidade vermelha do sangue do gado abatido. Ficou ainda decidido que a cor preponderante seria a vermelha;<\/span> aparecendo a branca no escudo, nas mangas e na gola.<\/p>\n<p>\u00a0 As primeiras reuni\u00f5es aconteceram nas casas dos fundadores e nas de algumas pessoas que ofereciam suas resid\u00eancias. O terreno para a constru\u00e7\u00e3o do campo foi cedido, ainda uma vez mais, por Ant\u00f4nio da Costa. O local \u00e9 o mesmo onde, ainda hoje est\u00e1 situado: Rua Nestor, 1107 a 1127.<\/p>\n<p>\u00a0\u00a0 O Oriente participou da Liga Suburbana de Futebol em companhia deoutros clubes do antigo Distrito Federal. Conseguiu ao longo de sua exist\u00eancia grandes feitos e foi, com o Manufatura, o maior conquistador de t\u00edtulos da 2\u00aa divis\u00e3o do Departamento Aut\u00f4nomo da Federa\u00e7\u00e3o de Futebol.<\/p>\n<p>\u00a0\u00a0 Jogadores de grande categoria e profissionais defenderam as suas cores: <strong>Domingos da Guia, M\u00e9dio, Hemet\u00e9rio<\/strong> etc. Por suas fileiras, grandes jogadores marcaram \u00e9poca:\u00a0 Z\u00e9zinho Menezes, Osorinho, Bujeca, Russo, Adit\u00e3o, Alceu, Farrel, Goniglo, Julinho, Athan\u00e1zio, Doca, Daniel, Wilson, Pedrinho, Alo\u00edsio, Bab\u00e1, Ti\u00e3o P\u00e9-de-Cachorro, Itagor\u00e9 Barreto, Dito Anu, Decinho, Luizinho, entre outros.<\/p>\n<p>\u00a0 \u00a0 Uma figura marcou de forma insofism\u00e1vel o Oriente e cuja presen\u00e7a todos lembram com grande admira\u00e7\u00e3o foi a de<strong>\u00a0 Z\u00e9zinho Menezes <\/strong>que, como t\u00e9cnico do clube, levantou grandes t\u00edtulos e sempre mereceu o respeito dos jogadores pelo modo carinhoso por\u00e9m en\u00e9rgico, como conduzia a equipe em cada partida disputada.<\/p>\n<p>\u00a0 \u00a0 Das diversas equipes que compuseram a hist\u00f3ria do Clube, uma merece destaque pela campanha e pelo t\u00edtulo in\u00e9dito conquistado : <strong>Super Campe\u00e3o da 2\u00aa divis\u00e3o do Departamento Aut\u00f4nomo da Federa\u00e7\u00e3o Metropolitana de Futebol do Rio de Janeiro.<\/strong><\/p>\n<p>\u00a0 \u00a0 Ao final de uma longa disputa, Oriente e Campo Grande classificaram-se em primeiro lugar e suas respectivas chaves. Eram duas equipes formadas por grandes jogadores. Tr\u00eas partidas foram marcadas para o Campo do Bangu: a 1\u00aa terminou em 1&#215;1, a segunda 2&#215;2 e a terceira e decisiva foi vencida pelo Oriente por 2&#215;1, com dois gols do meio campista\u00a0 Athan\u00e1zio. A equipe campe\u00e3 teve a seguinte forma\u00e7\u00e3o: Daniel, Gamb\u00e1 e Louro; C\u00e9lio, Athan\u00e1zio e Inho; Ti\u00e3o de Ambr\u00f3sio, Lalinho, Wilson Bab\u00e1, Dito Anu e Deco. Ano de 1957.<\/p>\n<p>\u00a0 \u00a0 Com o passar do tempo o Oriente, em face de m\u00e1s administra\u00e7\u00f5es, acabou perdendo suas depend\u00eancias para estranhos que, ao longo dos \u00faltimos anos, usufru\u00edram de seus bens. Tudo aconteceu apartir de 1985. Todas as atividades esportivas foram suspensas.<\/p>\n<p>\u00a0<strong> Por\u00e9m, para que a chama n\u00e3o se apague de uma vez e a lembran\u00e7a desse grande clube permane\u00e7a entre n\u00f3s, uma figura feminina, encarnando a for\u00e7a dos antigos fundadores, guarda farto material da entidade e realiza todo o ano, no dia 13 de junho, a prociss\u00e3o ao padroeiro. <\/strong>Seu nome:<strong> Elvira da Costa Viana, guerreira e a chama viva dos que n\u00e3o se abatem e morrem defendendo um ideal.<\/strong><\/p>\n<p>\u00a0H\u00e1 na comunidade uma f\u00e9 de que um dia o Oriente volte a ser uma grande equipe e todo patrim\u00f4nio retorne para as m\u00e3os dos seus leg\u00edtimos donos. Que as autoridades do nosso Estado e do Munic\u00edpio do Rio de Janeiro fa\u00e7am alguma coisa. O Oriente \u00e9 um patrim\u00f4nio da comunidade santacruzense. E para essa comunidade, devem voltar-se todos os resultados do uso de suas depend\u00eancias.<\/p>\n<p>\u00a0<strong>Depoimentos:\u00a0 <\/strong>Elvira da Costa Viana, Alcir Sol\u00e9, Dito Brasil, Athan\u00e1sio, Wilson Bab\u00e1 e Jorge Machado.<\/p>\n<p>\u00a0<span style=\"color: #ff0000\">Mat\u00e9ria retirada do jornal local denominado Quarteir\u00e3o, datado de maio\/junho de 96. <\/span><\/p>\n<p>&nbsp;<\/p>\n<p>&nbsp;<\/p>\n<\/div>\n<div>\u00a0<\/p>\n<div id=\"attachment_35655\" style=\"width: 510px\" class=\"wp-caption aligncenter\"><img loading=\"lazy\" decoding=\"async\" aria-describedby=\"caption-attachment-35655\" class=\"size-large wp-image-35655\" src=\"https:\/\/historiadofutebol.com\/blog\/wp-content\/uploads\/2012\/06\/100_3167-500x375.jpg\" alt=\"\" width=\"500\" height=\"375\" srcset=\"https:\/\/historiadofutebol.com\/blog\/wp-content\/uploads\/2012\/06\/100_3167-500x375.jpg 500w, https:\/\/historiadofutebol.com\/blog\/wp-content\/uploads\/2012\/06\/100_3167-300x225.jpg 300w, https:\/\/historiadofutebol.com\/blog\/wp-content\/uploads\/2012\/06\/100_3167.jpg 800w\" sizes=\"auto, (max-width: 500px) 100vw, 500px\" \/><p id=\"caption-attachment-35655\" class=\"wp-caption-text\">Frente da Sede<\/p><\/div>\n<\/div>\n<\/div>\n<div>\n<div>\u00a0<\/div>\n<h3><a name=\"753097342\"><\/a><!-- ParagraphTitleStart --><span style=\"color: #8c002b\">O come\u00e7o<\/span> <!-- ParagraphTitleEnd --><\/h3>\n<div><!-- ParagraphBodyStart --><\/p>\n<p align=\"left\">Dados iniciais :\u00a0\u00a0\u00a0\u00a0\u00a0\u00a0\u00a0\u00a0\u00a0\u00a0\u00a0<\/p>\n<p align=\"left\">\u00a0\u00a0\u00a0\u00a0\u00a0\u00a0\u00a0\u00a0\u00a0\u00a0\u00a0\u00a0\u00a0\u00a0\u00a0\u00a0\u00a0\u00a0\u00a0\u00a0\u00a0\u00a0\u00a0\u00a0\u00a0\u00a0\u00a0\u00a0\u00a0\u00a0\u00a0\u00a0\u00a0\u00a0\u00a0\u00a0\u00a0\u00a0\u00a0\u00a0\u00a0\u00a0\u00a0\u00a0\u00a0\u00a0\u00a0\u00a0\u00a0\u00a0\u00a0\u00a0\u00a0\u00a0\u00a0\u00a0\u00a0\u00a0\u00a0\u00a0\u00a0\u00a0\u00a0\u00a0\u00a0\u00a0\u00a0\u00a0\u00a0\u00a0<\/p>\n<p align=\"left\"><img decoding=\"async\" src=\"http:\/\/orienteatleticoclube.webs.com\/\/fw-profile-image.jpg\" alt=\"\" border=\"0\" \/><\/p>\n<p align=\"left\">(Escudo oficial do time de futebol)<\/p>\n<p>Nome original: Oriente Atl\u00e9tico Clube<br \/>\nData de Funda\u00e7\u00e3o: 13\/06\/1927<br \/>\nLocal : Santa Cruz, Rio de Janeiro\/RJ<br \/>\nEst\u00e1dio: Luiz Gonzaga Moreira da Silva.<br \/>\nCores do uniforme: encarnado e branco<\/p>\n<p><img loading=\"lazy\" decoding=\"async\" class=\"aligncenter size-large wp-image-35656\" src=\"https:\/\/historiadofutebol.com\/blog\/wp-content\/uploads\/2012\/06\/100_3207-500x375.jpg\" alt=\"\" width=\"500\" height=\"375\" srcset=\"https:\/\/historiadofutebol.com\/blog\/wp-content\/uploads\/2012\/06\/100_3207-500x375.jpg 500w, https:\/\/historiadofutebol.com\/blog\/wp-content\/uploads\/2012\/06\/100_3207-300x225.jpg 300w, https:\/\/historiadofutebol.com\/blog\/wp-content\/uploads\/2012\/06\/100_3207.jpg 800w\" sizes=\"auto, (max-width: 500px) 100vw, 500px\" \/><\/p>\n<p>______________________________________________________________________Ap\u00f3s a extin\u00e7\u00e3o da <strong>Federa\u00e7\u00e3o Atl\u00e9tica Suburbana<\/strong>, os clubes que dela faziam parte se sentiram desprestigiados com a pol\u00edtica estabelecida pela <strong>Federa\u00e7\u00e3o Metropolitana de Futebol<\/strong>. Na tentativa de mudar esse quadro, criou-se o <em>Departamento Aut\u00f4nomo<\/em> em Assembl\u00e9ia realizada no dia <a title=\"7 de julho\" href=\"http:\/\/pt.wikipedia.org\/wiki\/7_de_julho\">7 de julho<\/a> de <a title=\"1949\" href=\"http:\/\/pt.wikipedia.org\/wiki\/1949\">1949<\/a>, da qual fizeram parte os seguintes clubes: Bento Ribeiro F.C., <a title=\"Esporte Clube S\u00e3o Jos\u00e9 (Rio de Janeiro)\" href=\"http:\/\/pt.wikipedia.org\/wiki\/Esporte_Clube_S%C3%A3o_Jos%C3%A9_%28Rio_de_Janeiro%29\">E.C. S\u00e3o Jos\u00e9<\/a>, <a title=\"Iraj\u00e1 Atl\u00e9tico Clube\" href=\"http:\/\/pt.wikipedia.org\/wiki\/Iraj%C3%A1_Atl%C3%A9tico_Clube\">Iraj\u00e1 A.C.<\/a>, Del Castilho F.C., <a title=\"Mav\u00edlis Futebol Clube\" href=\"http:\/\/pt.wikipedia.org\/wiki\/Mav%C3%ADlis_Futebol_Clube\">Mav\u00edlis F.C.<\/a>, <a title=\"Engenho de Dentro Atl\u00e9tico Clube\" href=\"http:\/\/pt.wikipedia.org\/wiki\/Engenho_de_Dentro_Atl%C3%A9tico_Clube\">Engenho de Dentro A.C.<\/a>, Manufatura Nacional de Porcelana F.C., Cacique F.C., Sampaio A.C., <a title=\"Oriente Atl\u00e9tico Clube (p\u00e1gina n\u00e3o existe)\" href=\"http:\/\/pt.wikipedia.org\/w\/index.php?title=Oriente_Atl%C3%A9tico_Clube&amp;action=edit&amp;redlink=1\">Oriente A.C.<\/a>, E.C. Guanabara, Distinta A.C., E.C. Valim, E.C. Cor\u00edntians, A.A. Portuguesa, Cruzeiro F.C., Kosmos A.C., Atilla F.C., A.A. Nova Am\u00e9rica, Andaray A.C. E.C. Oity, A.C. Nacional, E.C. Royal, E.C. Anchieta e Realengo F.C.<\/p>\n<p>O primeiro campeonato aconteceu em <a title=\"1949\" href=\"http:\/\/pt.wikipedia.org\/wiki\/1949\">1949<\/a> foi disputado pelas seguintes associa\u00e7\u00f5es:<\/p>\n<ul>\n<li><strong>S\u00c9RIE URBANA<\/strong> \u2013 <a title=\"Confian\u00e7a Atl\u00e9tico Clube\" href=\"http:\/\/pt.wikipedia.org\/wiki\/Confian%C3%A7a_Atl%C3%A9tico_Clube\">Confian\u00e7a A. C.<\/a>, A.A. Nova Am\u00e9rica, E.C. Benfica, Clube dos Cariocas, Del Castilho F.C., Cacique F.C., <a title=\"Associa\u00e7\u00e3o Atl\u00e9tica Portuguesa\" href=\"http:\/\/pt.wikipedia.org\/wiki\/Associa%C3%A7%C3%A3o_Atl%C3%A9tica_Portuguesa\">A.A. Portuguesa<\/a>, Sampaio A.C. e <a title=\"Andara\u00ed Atl\u00e9tico Clube\" href=\"http:\/\/pt.wikipedia.org\/wiki\/Andara%C3%AD_Atl%C3%A9tico_Clube\">Andarahy A.C.<\/a>;<\/li>\n<\/ul>\n<ul>\n<li><strong>S\u00c9RIE SUBURBANA<\/strong> \u2013 E.C Valim, Manufatura Nacional de Porcelanas F.C., Iraj\u00e1 A.C., <a title=\"Uni\u00e3o de Marechal Hermes Futebol Clube\" href=\"http:\/\/pt.wikipedia.org\/wiki\/Uni%C3%A3o_de_Marechal_Hermes_Futebol_Clube\">S.C. Uni\u00e3o<\/a>, <a title=\"Esporte Clube S\u00e3o Jos\u00e9 (Rio de Janeiro)\" href=\"http:\/\/pt.wikipedia.org\/wiki\/Esporte_Clube_S%C3%A3o_Jos%C3%A9_%28Rio_de_Janeiro%29\">E.C. S\u00e3o Jos\u00e9<\/a>, <a title=\"Esporte Clube Anchieta\" href=\"http:\/\/pt.wikipedia.org\/wiki\/Esporte_Clube_Anchieta\">E.C. Anchieta<\/a>, Progresso F.C. e <a title=\"Engenho de Dentro Atl\u00e9tico Clube\" href=\"http:\/\/pt.wikipedia.org\/wiki\/Engenho_de_Dentro_Atl%C3%A9tico_Clube\">Engenho de Dentro A.C.<\/a>;<\/li>\n<\/ul>\n<ul>\n<li><strong>S\u00c9RIE RURAL<\/strong> \u2013 <a title=\"Campo Grande Atl\u00e9tico Clube\" href=\"http:\/\/pt.wikipedia.org\/wiki\/Campo_Grande_Atl%C3%A9tico_Clube\">Campo Grande A.C.<\/a>, E.C. Guanabara, Kosmos A.C., Realengo F.C., Cruzeiro F.C., Oriente A.C., E.C. Oity, Distinta A.C., S.C. Rosita Sofia e E.C. Cor\u00edntians.<\/li>\n<\/ul>\n<p>\u00a0 Os primeiros campe\u00f5es do Departamento Aut\u00f4nomo foram: Engenho de Dentro A.C. \u2013\u00a0 Campe\u00e3o Amador \u2013 e o Cruzeiro F.C. como Campe\u00e3o Juvenil. Durante mais de dez anos o D.A. organizou com sucesso os campeonatos dos clubes amadores pela FMF, at\u00e9 seu encerramento oficial em <a title=\"1960\" href=\"http:\/\/pt.wikipedia.org\/wiki\/1960\">1960<\/a>.<\/p>\n<p>O D.A. foi extinto, dando lugar ao Departamento de Futebol Amador da Capital. Hoje se chama Campeonato Estadual de Futebol Amador da Capital, promovido pela <a title=\"FFERJ\" href=\"http:\/\/pt.wikipedia.org\/wiki\/FFERJ\">FFERJ<\/a>, inclu\u00edndo tamb\u00e9m as categorias Infantil e Juvenil.<\/p>\n<p>&nbsp;<\/p>\n<p>\u00a0<strong>Anos que foi campe\u00e3o:<\/strong><\/p>\n<p>\u00a0\u00a0 ** 1931 &#8211; Oriente Atl\u00e9tico Clube **<\/p>\n<p>\u00a0\u00a0\u00a0 1951 &#8211; Oriente Atl\u00e9tico Clube<br \/>\n\u00a0\u00a0\u00a0 1952 &#8211; Oriente Atl\u00e9tico Clube<br \/>\n\u00a0\u00a0\u00a0 1957 &#8211; Oriente Atl\u00e9tico Clube<br \/>\n\u00a0\u00a0\u00a0 1958 &#8211; Oriente Atl\u00e9tico Clube<br \/>\n\u00a0\u00a0\u00a0 1979 &#8211; Oriente Atl\u00e9tico Clube<br \/>\n\u00a0\u00a0\u00a0 1981 &#8211; Oriente Atl\u00e9tico Clube<br \/>\n\u00a0\u00a0\u00a0 1983 &#8211; Oriente Atl\u00e9tico Clube<\/p>\n<p>\u00a0 (**)\u00a0A Liga Metropolitana de Desportos Terrestres (LMDT) continuou organizando campeonatos Estaduais at\u00e9 1932. Embora esses campeonatos sejam formalmente campeonatos estaduais, a atual Federa\u00e7\u00e3o de Futebol do Estado do Rio de Janeiro n\u00e3o os lista na cronologia oficial do Campeonato Carioca.<\/p>\n<p>\u00a0fontes : \u00a0http:\/\/pt.wikipedia.org\/wiki\/Departamento_Aut%C3%B4nomo<\/p>\n<p>http:\/\/pt.wikipedia.org\/wiki\/Campeonato_Carioca_de_Futebol\u00a0<\/p>\n<p>\u00a0______________________________________________________________________<\/p>\n<p>\u00a0\u00a0 <em><strong>O Hino do clube<\/strong><\/em><\/p>\n<p>\u00a0<span style=\"color: #e8141b\"><strong>ORIENTE, ORIENTE<\/strong><\/span><\/p>\n<p><span style=\"color: #e8141b\"><strong>\u00c9S FIBRA ESPLENDOR E TRADI\u00c7\u00c3O<\/strong><\/span><\/p>\n<p><span style=\"color: #e8141b\"><strong>ORIENTE, ORIENTE<\/strong><\/span><\/p>\n<p><span style=\"color: #e8141b\"><strong>NO FUTEBOL \u00c9 SEMPRE CAMPE\u00c3O<\/strong><\/span><\/p>\n<p><span style=\"color: #e8141b\"><strong>ORIENTE, ORIENTE<br \/>\n<\/strong><\/span><\/p>\n<p><span style=\"color: #e8141b\"><strong>GUARDO-TE\u00a0 EM MEU PEITO VARONIL<\/strong><\/span><\/p>\n<p><span style=\"color: #e8141b\"><strong>\u00c9S PRA MIM MAIS UMA GL\u00d3RIA<\/strong><\/span><\/p>\n<p><span style=\"color: #e8141b\"><strong>DO ESPORTE NO BRASIL<\/strong><\/span><\/p>\n<p><span style=\"color: #e8141b\"><strong>V\u00ca NA SUA TRAJET\u00d3RIA<\/strong><\/span><\/p>\n<p><span style=\"color: #e8141b\"><strong>GRANDES FEITOS IMORTAIS<\/strong><\/span><\/p>\n<p><span style=\"color: #e8141b\"><strong>CADA DIA, NOVA GL\u00d3RIA<\/strong><\/span><\/p>\n<p><span style=\"color: #e8141b\"><strong>CONCRETIZA O TEU CARTAZ<\/strong><\/span><\/p>\n<p><span style=\"color: #e8141b\"><strong>TUA GENTE , T\u00c3O VALENTE<\/strong><\/span><\/p>\n<p><span style=\"color: #e8141b\"><strong>RESOLUTA E AUDAZ<\/strong><\/span><\/p>\n<p><span style=\"color: #e8141b\"><strong>COLABORA ARDENTEMENTE<\/strong><\/span><\/p>\n<p><span style=\"color: #e8141b\"><strong>COM TEUS FEITOS E IDEIAIS <\/strong><\/span><\/p>\n<p>___________________________________________________________________<\/p>\n<p>Tamb\u00e9m havia o hino da torcida&#8230;<\/p>\n<p>\u00a0<span style=\"font-family: Georgia;color: #8c090d\"><strong>ORIENTE, SEMPRE ORIENTE<\/strong><\/span><\/p>\n<p><span style=\"font-family: Georgia;color: #8c090d\"><strong>CLUBE DA MINHA PAIX\u00c3O<\/strong><\/span><\/p>\n<p><span style=\"font-family: Georgia;color: #8c090d\"><strong>COM AS CORES ENCARNADO E BRANCO<\/strong><\/span><\/p>\n<p><span style=\"font-family: Georgia;color: #8c090d\"><strong>\u00a0ORIENTE DO MEU CORA\u00c7\u00c3O<\/strong><\/span><\/p>\n<p><span style=\"font-family: Georgia;color: #8c090d\"><strong>\u00a0<\/strong><\/span><\/p>\n<p><span style=\"font-family: Georgia;color: #8c090d\"><strong>OS JOGADORES S\u00c3O DISCIPLINADOS<\/strong><\/span><\/p>\n<p><span style=\"font-family: Georgia;color: #8c090d\"><strong>E A TORCIDA TEM EDUCA\u00c7\u00c3O<\/strong><\/span><\/p>\n<p><span style=\"font-family: Georgia;color: #8c090d\"><strong>ORIENTE \u00c9 TIME DE CRAQUES<\/strong><\/span><\/p>\n<p><span style=\"font-family: Georgia;color: #8c090d\"><strong>N\u00c3O D\u00c1 CONFIAN\u00c7A N\u00c3O<\/strong><\/span><\/p>\n<p><span style=\"font-family: Georgia;color: #8c090d\"><strong>\u00a0<\/strong><\/span><\/p>\n<p><span style=\"font-family: Georgia;color: #8c090d\"><strong>QUANDO EU MORRER, QUERO MEUS CAMARADAS<\/strong><\/span><\/p>\n<p><span style=\"font-family: Georgia;color: #8c090d\"><strong>QUE DE VELUDO CUBRA O MEU CAIX\u00c3O<\/strong><\/span><\/p>\n<p><span style=\"font-family: Georgia;color: #8c090d\"><strong>COM AS CORES ENCARNADO E BRANCO<\/strong><\/span><\/p>\n<p><span style=\"font-family: Georgia;color: #8c090d\"><strong>ORIENTE DO MEU CORA\u00c7\u00c3O<\/strong><\/span><\/p>\n<p>&nbsp;<\/p>\n<p><em><span style=\"font-family: Georgia;color: #8c090d\"><strong>Fonte e Fotos: <a href=\"http:\/\/orienteatleticoclube.webs.com\/\">http:\/\/orienteatleticoclube.webs.com\/<\/a><\/strong><\/span><\/em><\/p>\n<\/div>\n<\/div>\n","protected":false},"excerpt":{"rendered":"<p>&nbsp; O clube tamb\u00e9m tinha carteirinha de s\u00f3cios e a n\u00famero 1, foi a dona Erin\u00e9ia ( Dad\u00e1). Ela nos cedeu a carteirinha para postarmos as imagens ( matr\u00edcula 1)&#8230;\u00e9 isso a\u00ed, Oriente no cora\u00e7\u00e3o! \u00a0 \u00a0 \u00a0 A verdadeira hist\u00f3ria contada e documentada Antes de come\u00e7ar esse artigo, quero agradecer ao\u00a0 Jorge Dur\u00e3o, ex [&hellip;]<\/p>\n","protected":false},"author":55,"featured_media":0,"comment_status":"open","ping_status":"closed","sticky":false,"template":"","format":"standard","meta":{"footnotes":""},"categories":[203,59,87,3,47],"tags":[],"class_list":["post-35653","post","type-post","status-publish","format-standard","hentry","category-sergio-mello","category-escudos","category-hinos-de-clubes","category-historia-do-futebol","category-rio-de-janeiro"],"_links":{"self":[{"href":"https:\/\/historiadofutebol.com\/blog\/index.php?rest_route=\/wp\/v2\/posts\/35653","targetHints":{"allow":["GET"]}}],"collection":[{"href":"https:\/\/historiadofutebol.com\/blog\/index.php?rest_route=\/wp\/v2\/posts"}],"about":[{"href":"https:\/\/historiadofutebol.com\/blog\/index.php?rest_route=\/wp\/v2\/types\/post"}],"author":[{"embeddable":true,"href":"https:\/\/historiadofutebol.com\/blog\/index.php?rest_route=\/wp\/v2\/users\/55"}],"replies":[{"embeddable":true,"href":"https:\/\/historiadofutebol.com\/blog\/index.php?rest_route=%2Fwp%2Fv2%2Fcomments&post=35653"}],"version-history":[{"count":4,"href":"https:\/\/historiadofutebol.com\/blog\/index.php?rest_route=\/wp\/v2\/posts\/35653\/revisions"}],"predecessor-version":[{"id":35660,"href":"https:\/\/historiadofutebol.com\/blog\/index.php?rest_route=\/wp\/v2\/posts\/35653\/revisions\/35660"}],"wp:attachment":[{"href":"https:\/\/historiadofutebol.com\/blog\/index.php?rest_route=%2Fwp%2Fv2%2Fmedia&parent=35653"}],"wp:term":[{"taxonomy":"category","embeddable":true,"href":"https:\/\/historiadofutebol.com\/blog\/index.php?rest_route=%2Fwp%2Fv2%2Fcategories&post=35653"},{"taxonomy":"post_tag","embeddable":true,"href":"https:\/\/historiadofutebol.com\/blog\/index.php?rest_route=%2Fwp%2Fv2%2Ftags&post=35653"}],"curies":[{"name":"wp","href":"https:\/\/api.w.org\/{rel}","templated":true}]}}