{"id":35639,"date":"2012-06-15T14:48:53","date_gmt":"2012-06-15T17:48:53","guid":{"rendered":"https:\/\/historiadofutebol.com\/blog\/?p=35639"},"modified":"2012-06-15T14:48:53","modified_gmt":"2012-06-15T17:48:53","slug":"jogo-historico-americarj-x-aviacao-nacionalrj","status":"publish","type":"post","link":"https:\/\/historiadofutebol.com\/blog\/?p=35639","title":{"rendered":"JOGO HIST\u00d3RICO &#8211; AM\u00c9RICA(RJ) X AVIA\u00c7\u00c3O NACIONAL(RJ)"},"content":{"rendered":"<table border=\"1\" cellspacing=\"0\" cellpadding=\"0\">\n<tbody>\n<tr>\n<td colspan=\"2\" valign=\"top\" width=\"589\"><strong>AM\u00c9RICA (RIO DE JANEIRO-RJ)<\/strong><\/td>\n<td valign=\"top\" width=\"49\">\n<p align=\"center\"><strong>2<\/strong><\/p>\n<\/td>\n<\/tr>\n<tr>\n<td colspan=\"2\" valign=\"top\" width=\"589\"><strong>AVIA\u00c7\u00c3O NACIONAL (RIO DE JANEIRO-RJ)<\/strong><\/td>\n<td valign=\"top\" width=\"49\">\n<p align=\"center\"><strong>0<\/strong><\/p>\n<\/td>\n<\/tr>\n<tr>\n<td valign=\"top\" width=\"283\">DATA: 26 de julho de 1936<\/td>\n<td colspan=\"2\" valign=\"top\" width=\"355\">LOCAL: Est\u00e1dio do Fluminense, no Rio de Janeiro<\/td>\n<\/tr>\n<tr>\n<td valign=\"top\" width=\"283\">JUIZ:<\/td>\n<td colspan=\"2\" valign=\"top\" width=\"355\">CAR\u00c1TER: Torneio Aberto &#8211; 1936<\/td>\n<\/tr>\n<tr>\n<td valign=\"top\" width=\"283\">RENDA:<\/td>\n<td colspan=\"2\" valign=\"top\" width=\"355\">P\u00daBLICO:<\/td>\n<\/tr>\n<tr>\n<td colspan=\"3\" valign=\"top\" width=\"638\">GOLS: Pl\u00e1cido e Carola<\/td>\n<\/tr>\n<tr>\n<td colspan=\"3\" valign=\"top\" width=\"638\">Am\u00e9rica(RJ): Walter; Vital e Badu; Gossato, Og e Paiva; Lindo, Carola, Pl\u00e1cido, Mamede (Ailton) e Orlandino.<\/td>\n<\/tr>\n<tr>\n<td colspan=\"3\" valign=\"top\" width=\"638\">Avia\u00e7\u00e3o Nacional(RJ): Portugal; Osmar e Ribeiro; Veiga, Apolin\u00e1rio e Ferreira Lima; Rocha, Fraga, Benedito, Aldo e Mendon\u00e7a.<\/td>\n<\/tr>\n<\/tbody>\n<\/table>\n","protected":false},"excerpt":{"rendered":"<p>AM\u00c9RICA (RIO DE JANEIRO-RJ) 2 AVIA\u00c7\u00c3O NACIONAL (RIO DE JANEIRO-RJ) 0 DATA: 26 de julho de 1936 LOCAL: Est\u00e1dio do Fluminense, no Rio de Janeiro JUIZ: CAR\u00c1TER: Torneio Aberto &#8211; 1936 RENDA: P\u00daBLICO: GOLS: Pl\u00e1cido e Carola Am\u00e9rica(RJ): Walter; Vital e Badu; Gossato, Og e Paiva; Lindo, Carola, Pl\u00e1cido, Mamede (Ailton) e Orlandino. Avia\u00e7\u00e3o Nacional(RJ): [&hellip;]<\/p>\n","protected":false},"author":6,"featured_media":0,"comment_status":"open","ping_status":"closed","sticky":false,"template":"","format":"standard","meta":{"footnotes":""},"categories":[96,108,47],"tags":[],"class_list":["post-35639","post","type-post","status-publish","format-standard","hentry","category-julio-diogo","category-jogos-historicos","category-rio-de-janeiro"],"_links":{"self":[{"href":"https:\/\/historiadofutebol.com\/blog\/index.php?rest_route=\/wp\/v2\/posts\/35639","targetHints":{"allow":["GET"]}}],"collection":[{"href":"https:\/\/historiadofutebol.com\/blog\/index.php?rest_route=\/wp\/v2\/posts"}],"about":[{"href":"https:\/\/historiadofutebol.com\/blog\/index.php?rest_route=\/wp\/v2\/types\/post"}],"author":[{"embeddable":true,"href":"https:\/\/historiadofutebol.com\/blog\/index.php?rest_route=\/wp\/v2\/users\/6"}],"replies":[{"embeddable":true,"href":"https:\/\/historiadofutebol.com\/blog\/index.php?rest_route=%2Fwp%2Fv2%2Fcomments&post=35639"}],"version-history":[{"count":1,"href":"https:\/\/historiadofutebol.com\/blog\/index.php?rest_route=\/wp\/v2\/posts\/35639\/revisions"}],"predecessor-version":[{"id":35640,"href":"https:\/\/historiadofutebol.com\/blog\/index.php?rest_route=\/wp\/v2\/posts\/35639\/revisions\/35640"}],"wp:attachment":[{"href":"https:\/\/historiadofutebol.com\/blog\/index.php?rest_route=%2Fwp%2Fv2%2Fmedia&parent=35639"}],"wp:term":[{"taxonomy":"category","embeddable":true,"href":"https:\/\/historiadofutebol.com\/blog\/index.php?rest_route=%2Fwp%2Fv2%2Fcategories&post=35639"},{"taxonomy":"post_tag","embeddable":true,"href":"https:\/\/historiadofutebol.com\/blog\/index.php?rest_route=%2Fwp%2Fv2%2Ftags&post=35639"}],"curies":[{"name":"wp","href":"https:\/\/api.w.org\/{rel}","templated":true}]}}