{"id":35404,"date":"2012-06-12T01:33:12","date_gmt":"2012-06-12T04:33:12","guid":{"rendered":"https:\/\/historiadofutebol.com\/blog\/?p=35404"},"modified":"2012-06-12T03:05:18","modified_gmt":"2012-06-12T06:05:18","slug":"minas-gerais-f-c-do-bras-capital-sp","status":"publish","type":"post","link":"https:\/\/historiadofutebol.com\/blog\/?p=35404","title":{"rendered":"Minas Gerais F.C. do Br\u00e1s &#8211; Capital (SP)"},"content":{"rendered":"<p><img loading=\"lazy\" decoding=\"async\" class=\"aligncenter size-medium wp-image-35406\" src=\"https:\/\/historiadofutebol.com\/blog\/wp-content\/uploads\/2012\/06\/Minas-Gerais-FC-do-Bras-300x296.jpg\" alt=\"\" width=\"300\" height=\"296\" srcset=\"https:\/\/historiadofutebol.com\/blog\/wp-content\/uploads\/2012\/06\/Minas-Gerais-FC-do-Bras-300x296.jpg 300w, https:\/\/historiadofutebol.com\/blog\/wp-content\/uploads\/2012\/06\/Minas-Gerais-FC-do-Bras-500x493.jpg 500w, https:\/\/historiadofutebol.com\/blog\/wp-content\/uploads\/2012\/06\/Minas-Gerais-FC-do-Bras-96x96.jpg 96w, https:\/\/historiadofutebol.com\/blog\/wp-content\/uploads\/2012\/06\/Minas-Gerais-FC-do-Bras-24x24.jpg 24w, https:\/\/historiadofutebol.com\/blog\/wp-content\/uploads\/2012\/06\/Minas-Gerais-FC-do-Bras-36x36.jpg 36w, https:\/\/historiadofutebol.com\/blog\/wp-content\/uploads\/2012\/06\/Minas-Gerais-FC-do-Bras-48x48.jpg 48w, https:\/\/historiadofutebol.com\/blog\/wp-content\/uploads\/2012\/06\/Minas-Gerais-FC-do-Bras-64x64.jpg 64w, https:\/\/historiadofutebol.com\/blog\/wp-content\/uploads\/2012\/06\/Minas-Gerais-FC-do-Bras.jpg 545w\" sizes=\"auto, (max-width: 300px) 100vw, 300px\" \/><\/p>\n<p>\u201c<em>Quem procura&#8230; Acha<\/em>\u201d! Esse dito popular se encaixa perfeitamente na busca incans\u00e1vel do amigo, compositor, poeta e pesquisador <strong>Toninho Sereno<\/strong>. Contando com a colabora\u00e7\u00e3o do <strong>Sr. Nelson Costa<\/strong> que cedeu uma carteirinha do <span style=\"color: #ff0000\"><strong><em>Minas Gerais Futebol Clube<\/em><\/strong><\/span>, do Bairro do Br\u00e1s, na capital paulistana.<\/p>\n<p><img loading=\"lazy\" decoding=\"async\" class=\"aligncenter size-medium wp-image-35405\" src=\"https:\/\/historiadofutebol.com\/blog\/wp-content\/uploads\/2012\/06\/Minas-Gerais-FC-do-Bras-1910-300x228.jpg\" alt=\"\" width=\"300\" height=\"228\" srcset=\"https:\/\/historiadofutebol.com\/blog\/wp-content\/uploads\/2012\/06\/Minas-Gerais-FC-do-Bras-1910-300x228.jpg 300w, https:\/\/historiadofutebol.com\/blog\/wp-content\/uploads\/2012\/06\/Minas-Gerais-FC-do-Bras-1910-500x381.jpg 500w, https:\/\/historiadofutebol.com\/blog\/wp-content\/uploads\/2012\/06\/Minas-Gerais-FC-do-Bras-1910.jpg 608w\" sizes=\"auto, (max-width: 300px) 100vw, 300px\" \/><\/p>\n<p>\u00a0<span style=\"color: #ff0000\"><strong><em>O clube foi fundado no dia 3 de Maio de 1910<\/em><\/strong><\/span>, utilizava camisas com listras brancas e vermelhas, cal\u00e7\u00e3o e meias brancas. Atualmente se encontra extinto.\u00a0<\/p>\n<p>O nome da equipe foi uma homenagem ao encoura\u00e7ado Minas Gerais, orgulho da marinha brasileira no in\u00edcio do s\u00e9culo XX.\u00a0<\/p>\n<p><img loading=\"lazy\" decoding=\"async\" class=\"aligncenter size-large wp-image-35410\" src=\"https:\/\/historiadofutebol.com\/blog\/wp-content\/uploads\/2012\/06\/Minas-Gerais-FC-200x500.jpg\" alt=\"\" width=\"200\" height=\"500\" srcset=\"https:\/\/historiadofutebol.com\/blog\/wp-content\/uploads\/2012\/06\/Minas-Gerais-FC-200x500.jpg 200w, https:\/\/historiadofutebol.com\/blog\/wp-content\/uploads\/2012\/06\/Minas-Gerais-FC-120x300.jpg 120w\" sizes=\"auto, (max-width: 200px) 100vw, 200px\" \/><\/p>\n<p>O <span style=\"color: #ff0000\"><strong><em>Minas Gerais F.C.<\/em><\/strong><\/span> participou dez vezes da elite do Campeonato Paulista <span style=\"color: #800000\"><em>(1914, 1915, 1916, 1918, 1919, 1920, 1921, 1922, 1923, 1924, 1925 e 1926)<\/em><\/span>, mas apenas oito delas com este nome.<\/p>\n<p>A partir de 1924 trocou o nome para <strong><em>Braz Athletic Club<\/em><\/strong>, e em 1925&#8230; Outra mudan\u00e7a: <strong><em>Auto Sport Club<\/em><\/strong>. Dois anos depois (1927) fundiu-se ao <strong><em>Clube Athletico Audax <\/em><\/strong>gerando o <strong><em>Esporte Clube Americano<\/em><\/strong> que ficou mais conhecido como <strong><em>Auto-Audax<\/em><\/strong>.<\/p>\n<p>&nbsp;<\/p>\n<p>\u00a0<strong><em>Imagem: <\/em><\/strong><em>Nelson Costa<\/em><\/p>\n","protected":false},"excerpt":{"rendered":"<p>\u201cQuem procura&#8230; Acha\u201d! Esse dito popular se encaixa perfeitamente na busca incans\u00e1vel do amigo, compositor, poeta e pesquisador Toninho Sereno. Contando com a colabora\u00e7\u00e3o do Sr. Nelson Costa que cedeu uma carteirinha do Minas Gerais Futebol Clube, do Bairro do Br\u00e1s, na capital paulistana. \u00a0O clube foi fundado no dia 3 de Maio de 1910, [&hellip;]<\/p>\n","protected":false},"author":55,"featured_media":0,"comment_status":"open","ping_status":"closed","sticky":false,"template":"","format":"standard","meta":{"footnotes":""},"categories":[203,189,59,3,51],"tags":[],"class_list":["post-35404","post","type-post","status-publish","format-standard","hentry","category-sergio-mello","category-toninho-sereno","category-escudos","category-historia-do-futebol","category-sao-paulo"],"_links":{"self":[{"href":"https:\/\/historiadofutebol.com\/blog\/index.php?rest_route=\/wp\/v2\/posts\/35404","targetHints":{"allow":["GET"]}}],"collection":[{"href":"https:\/\/historiadofutebol.com\/blog\/index.php?rest_route=\/wp\/v2\/posts"}],"about":[{"href":"https:\/\/historiadofutebol.com\/blog\/index.php?rest_route=\/wp\/v2\/types\/post"}],"author":[{"embeddable":true,"href":"https:\/\/historiadofutebol.com\/blog\/index.php?rest_route=\/wp\/v2\/users\/55"}],"replies":[{"embeddable":true,"href":"https:\/\/historiadofutebol.com\/blog\/index.php?rest_route=%2Fwp%2Fv2%2Fcomments&post=35404"}],"version-history":[{"count":6,"href":"https:\/\/historiadofutebol.com\/blog\/index.php?rest_route=\/wp\/v2\/posts\/35404\/revisions"}],"predecessor-version":[{"id":35423,"href":"https:\/\/historiadofutebol.com\/blog\/index.php?rest_route=\/wp\/v2\/posts\/35404\/revisions\/35423"}],"wp:attachment":[{"href":"https:\/\/historiadofutebol.com\/blog\/index.php?rest_route=%2Fwp%2Fv2%2Fmedia&parent=35404"}],"wp:term":[{"taxonomy":"category","embeddable":true,"href":"https:\/\/historiadofutebol.com\/blog\/index.php?rest_route=%2Fwp%2Fv2%2Fcategories&post=35404"},{"taxonomy":"post_tag","embeddable":true,"href":"https:\/\/historiadofutebol.com\/blog\/index.php?rest_route=%2Fwp%2Fv2%2Ftags&post=35404"}],"curies":[{"name":"wp","href":"https:\/\/api.w.org\/{rel}","templated":true}]}}