{"id":35397,"date":"2012-06-12T00:26:48","date_gmt":"2012-06-12T03:26:48","guid":{"rendered":"https:\/\/historiadofutebol.com\/blog\/?p=35397"},"modified":"2023-12-27T10:33:29","modified_gmt":"2023-12-27T13:33:29","slug":"g-d-m-luso-brasileiro-do-bom-retiro-capital-sp","status":"publish","type":"post","link":"https:\/\/historiadofutebol.com\/blog\/?p=35397","title":{"rendered":"G.D.M. Luso Brasileiro do Bom Retiro &#8211; Capital (SP): Fundado em 1900"},"content":{"rendered":"<div class=\"wp-block-image\">\n<figure class=\"aligncenter size-large\"><img loading=\"lazy\" decoding=\"async\" width=\"500\" height=\"344\" src=\"https:\/\/historiadofutebol.com\/blog\/wp-content\/uploads\/2023\/12\/GDM-Luso-Brasileiro-2-500x344.jpg\" alt=\"\" class=\"wp-image-131017\" srcset=\"https:\/\/historiadofutebol.com\/blog\/wp-content\/uploads\/2023\/12\/GDM-Luso-Brasileiro-2-500x344.jpg 500w, https:\/\/historiadofutebol.com\/blog\/wp-content\/uploads\/2023\/12\/GDM-Luso-Brasileiro-2-300x207.jpg 300w, https:\/\/historiadofutebol.com\/blog\/wp-content\/uploads\/2023\/12\/GDM-Luso-Brasileiro-2-768x529.jpg 768w, https:\/\/historiadofutebol.com\/blog\/wp-content\/uploads\/2023\/12\/GDM-Luso-Brasileiro-2-624x430.jpg 624w, https:\/\/historiadofutebol.com\/blog\/wp-content\/uploads\/2023\/12\/GDM-Luso-Brasileiro-2.jpg 1079w\" sizes=\"auto, (max-width: 500px) 100vw, 500px\" \/><\/figure><\/div>\n\n<p>O <em><strong>Grupo Dram\u00e1tico e Musical Luso Brasileiro do Bom Retiro<\/strong><\/em> \u00e9 uma agremia\u00e7\u00e3o da cidade de S\u00e3o Paulo (SP).\u00a0A sua <em><strong>Sede<\/strong><\/em> <strong><em>(foto abaixo)<\/em><\/strong> fica localizada na <strong><em>Rua da Gra\u00e7a, n\u00ba 608 (antigo n\u00ba 144) &#8211; no Bairro do Bom Retiro, na Zona Centro da capital paulistana<\/em><\/strong>.<\/p>\n<p><em>Ap\u00f3s uma reuni\u00e3o na <\/em><em>Rua Mamor\u00e9, s\/n, no bairro do Bom Retiro<\/em><em>, <\/em><em><strong>foi fundado no domingo, do dia 13 de maio de 1900<\/strong><\/em>, por um grupo de desportistas: <em>Agostinho Teixeira, Jos\u00e9 Martin Ad\u00e3o, Francisco Pereira da Silva, Jos\u00e9 Ramalho e Delfim Pereira da Silva<\/em>.<\/p>\n<p><em><\/em><\/p>\n\n<div class=\"wp-block-image\">\n<figure class=\"aligncenter size-large is-resized\"><img loading=\"lazy\" decoding=\"async\" width=\"500\" height=\"345\" src=\"https:\/\/historiadofutebol.com\/blog\/wp-content\/uploads\/2023\/12\/GDM-Luso-Brasileiro-500x345.jpg\" alt=\"\" class=\"wp-image-131018\" style=\"width:662px;height:auto\" srcset=\"https:\/\/historiadofutebol.com\/blog\/wp-content\/uploads\/2023\/12\/GDM-Luso-Brasileiro-500x345.jpg 500w, https:\/\/historiadofutebol.com\/blog\/wp-content\/uploads\/2023\/12\/GDM-Luso-Brasileiro-300x207.jpg 300w, https:\/\/historiadofutebol.com\/blog\/wp-content\/uploads\/2023\/12\/GDM-Luso-Brasileiro-768x530.jpg 768w, https:\/\/historiadofutebol.com\/blog\/wp-content\/uploads\/2023\/12\/GDM-Luso-Brasileiro-624x431.jpg 624w, https:\/\/historiadofutebol.com\/blog\/wp-content\/uploads\/2023\/12\/GDM-Luso-Brasileiro.jpg 1135w\" sizes=\"auto, (max-width: 500px) 100vw, 500px\" \/><\/figure><\/div>\n\n<p>Um m\u00eas e quatro dias depois (17 de junho de 1900), ocorreu <em>Assembleia Geral<\/em>, com a presen\u00e7a de <em>27 pessoas<\/em>, que definiu a <strong><em>1\u00aa Diretoria da agremia\u00e7\u00e3o<\/em><\/strong>, constitu\u00edda pelos seguintes membros:<\/p>\n<p><strong><em>Presidente \u2013 <\/em><\/strong><em>Delfim Pereira da Silva<\/em>;<\/p>\n<p><strong><em>Vice-presidente \u2013<\/em><\/strong><em> Ant\u00f4nio Jos\u00e9 Abranches<\/em>;<\/p>\n<p><strong><em>1\u00ba Secret\u00e1rio \u2013<\/em><\/strong><em> Jos\u00e9 Pereira dos Santos<\/em>;<\/p>\n<p><strong><em>1\u00ba Tesoureiro \u2013<\/em><\/strong><em> Francisco Pereira da Silva<\/em>;<\/p>\n<p><strong><em>2\u00ba Tesoureiro \u2013<\/em><\/strong> <em>Mario Estrella da Gama Machado<\/em>;<\/p>\n<p><strong><em>Fiscais \u2013<\/em><\/strong><em> Jos\u00e9 Pereira Ramalho e Avelino Machado<\/em>.<\/p>\n<p>A sua <strong><em>1\u00aa Sede (provis\u00f3ria)<\/em><\/strong> ficava na <em>Rua Capit\u00e3o Matarazzo, n\u00ba 92, no bairro do Bom Retiro<\/em><em>. Sete anos depois, o <\/em><em><strong>clube<\/strong><\/em><em> adquiriu o terreno na <\/em><strong><em>Rua da Gra\u00e7a, n\u00ba 144, no Bairro do Bom Retiro<\/em><\/strong><strong><em>, <\/em><\/strong><strong>onde construiu a sua <\/strong><strong><em>sede pr\u00f3pria<\/em><\/strong><strong> at\u00e9 os dias atuais. <\/strong><\/p>\n\n<div class=\"wp-block-image\">\n<figure class=\"aligncenter size-large\"><img loading=\"lazy\" decoding=\"async\" width=\"500\" height=\"325\" src=\"https:\/\/historiadofutebol.com\/blog\/wp-content\/uploads\/2023\/12\/GDM-Luso-Brasileiro-3-500x325.jpg\" alt=\"\" class=\"wp-image-131019\" srcset=\"https:\/\/historiadofutebol.com\/blog\/wp-content\/uploads\/2023\/12\/GDM-Luso-Brasileiro-3-500x325.jpg 500w, https:\/\/historiadofutebol.com\/blog\/wp-content\/uploads\/2023\/12\/GDM-Luso-Brasileiro-3-300x195.jpg 300w, https:\/\/historiadofutebol.com\/blog\/wp-content\/uploads\/2023\/12\/GDM-Luso-Brasileiro-3-768x499.jpg 768w, https:\/\/historiadofutebol.com\/blog\/wp-content\/uploads\/2023\/12\/GDM-Luso-Brasileiro-3-624x406.jpg 624w, https:\/\/historiadofutebol.com\/blog\/wp-content\/uploads\/2023\/12\/GDM-Luso-Brasileiro-3.jpg 1035w\" sizes=\"auto, (max-width: 500px) 100vw, 500px\" \/><\/figure><\/div>\n\n\n<p>O <strong><em>futebol<\/em><\/strong> come\u00e7ou a ganhar espa\u00e7o a partir de <strong><em>1917<\/em><\/strong>, quando formou o seu primeiro time. <strong><em>Tr\u00eas anos depois<\/em><\/strong>, foi criada a <strong><em>Se\u00e7\u00e3o de Educa\u00e7\u00e3o F\u00edsica<\/em><\/strong>. Entre o <em>final da d\u00e9cada de 20 a meados de 30<\/em>, se aventurou nas competi\u00e7\u00f5es futebol\u00edsticas.<\/p>\n<p>Em <strong><em>1929<\/em><\/strong>, disputou o <strong><em>Campeonato Paulista da 4\u00aa Divis\u00e3o<\/em><\/strong>, organizado pela <strong><em>APEA (Associa\u00e7\u00e3o Paulista de Esportes Athleticos)<\/em><\/strong>, que contou com a participa\u00e7\u00e3o de 11 clubes.<\/p>\n<p>Em <strong><em>1930 e 1933<\/em><\/strong>, participou do <strong><em>Campeonato Paulista da 3\u00aa Divis\u00e3o<\/em><\/strong>, organizado pela <strong><em>APEA (Associa\u00e7\u00e3o Paulista de Esportes Athleticos)<\/em><\/strong>, que contou com a participa\u00e7\u00e3o de 12 e 11 clubes respectivamente.<\/p>\n\n<div class=\"wp-block-image\">\n<figure class=\"aligncenter size-large\"><img loading=\"lazy\" decoding=\"async\" width=\"500\" height=\"325\" src=\"https:\/\/historiadofutebol.com\/blog\/wp-content\/uploads\/2023\/12\/GDM-Luso-Brasileiro-1-500x325.jpg\" alt=\"\" class=\"wp-image-131020\" srcset=\"https:\/\/historiadofutebol.com\/blog\/wp-content\/uploads\/2023\/12\/GDM-Luso-Brasileiro-1-500x325.jpg 500w, https:\/\/historiadofutebol.com\/blog\/wp-content\/uploads\/2023\/12\/GDM-Luso-Brasileiro-1-300x195.jpg 300w, https:\/\/historiadofutebol.com\/blog\/wp-content\/uploads\/2023\/12\/GDM-Luso-Brasileiro-1-768x500.jpg 768w, https:\/\/historiadofutebol.com\/blog\/wp-content\/uploads\/2023\/12\/GDM-Luso-Brasileiro-1-624x406.jpg 624w, https:\/\/historiadofutebol.com\/blog\/wp-content\/uploads\/2023\/12\/GDM-Luso-Brasileiro-1.jpg 1071w\" sizes=\"auto, (max-width: 500px) 100vw, 500px\" \/><\/figure><\/div>\n\n<p>Por fim, em 1934, esteve presente no <strong><em>Campeonato Paulista da 2\u00aa Divis\u00e3o<\/em><\/strong>, organizado pela <strong><em>APEA (Associa\u00e7\u00e3o Paulista de Esportes Athleticos)<\/em><\/strong>, que contou com a participa\u00e7\u00e3o de 15 equipes.<\/p>\n<p><strong><em><u>FOTO<\/u><\/em><\/strong><strong><em>:<\/em><\/strong><em> Google Maps (2010)<\/em><\/p>\n<p><strong><em><u>FONTES<\/u><\/em><\/strong><strong><em>:<\/em><\/strong><em> Rsssf Brasil &#8211; Clubes e Sociedades dos Trabalhadores do Bom Retiro: organiza\u00e7\u00e3o, Lutas e Lazer em um bairro Paulistano (1915-1924), de Uassyr de Siqueira.<\/em><\/p>","protected":false},"excerpt":{"rendered":"<p>O Grupo Dram\u00e1tico e Musical Luso Brasileiro do Bom Retiro \u00e9 uma agremia\u00e7\u00e3o da cidade de S\u00e3o Paulo (SP).\u00a0A sua Sede (foto abaixo) fica localizada na Rua da Gra\u00e7a, n\u00ba 608 (antigo n\u00ba 144) &#8211; no Bairro do Bom Retiro, na Zona Centro da capital paulistana. Ap\u00f3s uma reuni\u00e3o na Rua Mamor\u00e9, s\/n, no bairro [&hellip;]<\/p>\n","protected":false},"author":55,"featured_media":0,"comment_status":"open","ping_status":"closed","sticky":false,"template":"","format":"standard","meta":{"footnotes":""},"categories":[203,189,68,531,83,59,345,118,3,51],"tags":[],"class_list":["post-35397","post","type-post","status-publish","format-standard","hentry","category-sergio-mello","category-toninho-sereno","category-blog-historia-do-futebol","category-carencias","category-x9-curiosidades","category-escudos","category-fotos-historicas","category-futebol-amador-varzeano","category-historia-do-futebol","category-sao-paulo"],"_links":{"self":[{"href":"https:\/\/historiadofutebol.com\/blog\/index.php?rest_route=\/wp\/v2\/posts\/35397","targetHints":{"allow":["GET"]}}],"collection":[{"href":"https:\/\/historiadofutebol.com\/blog\/index.php?rest_route=\/wp\/v2\/posts"}],"about":[{"href":"https:\/\/historiadofutebol.com\/blog\/index.php?rest_route=\/wp\/v2\/types\/post"}],"author":[{"embeddable":true,"href":"https:\/\/historiadofutebol.com\/blog\/index.php?rest_route=\/wp\/v2\/users\/55"}],"replies":[{"embeddable":true,"href":"https:\/\/historiadofutebol.com\/blog\/index.php?rest_route=%2Fwp%2Fv2%2Fcomments&post=35397"}],"version-history":[{"count":10,"href":"https:\/\/historiadofutebol.com\/blog\/index.php?rest_route=\/wp\/v2\/posts\/35397\/revisions"}],"predecessor-version":[{"id":131027,"href":"https:\/\/historiadofutebol.com\/blog\/index.php?rest_route=\/wp\/v2\/posts\/35397\/revisions\/131027"}],"wp:attachment":[{"href":"https:\/\/historiadofutebol.com\/blog\/index.php?rest_route=%2Fwp%2Fv2%2Fmedia&parent=35397"}],"wp:term":[{"taxonomy":"category","embeddable":true,"href":"https:\/\/historiadofutebol.com\/blog\/index.php?rest_route=%2Fwp%2Fv2%2Fcategories&post=35397"},{"taxonomy":"post_tag","embeddable":true,"href":"https:\/\/historiadofutebol.com\/blog\/index.php?rest_route=%2Fwp%2Fv2%2Ftags&post=35397"}],"curies":[{"name":"wp","href":"https:\/\/api.w.org\/{rel}","templated":true}]}}