{"id":35393,"date":"2012-06-11T23:14:42","date_gmt":"2012-06-12T02:14:42","guid":{"rendered":"https:\/\/historiadofutebol.com\/blog\/?p=35393"},"modified":"2012-06-11T23:14:42","modified_gmt":"2012-06-12T02:14:42","slug":"e-c-benfica-de-vila-guilherme-capital-sp","status":"publish","type":"post","link":"https:\/\/historiadofutebol.com\/blog\/?p=35393","title":{"rendered":"E.C. Benfica de Vila Guilherme &#8211; Capital (SP)"},"content":{"rendered":"<p><img loading=\"lazy\" decoding=\"async\" class=\"aligncenter size-medium wp-image-35394\" src=\"https:\/\/historiadofutebol.com\/blog\/wp-content\/uploads\/2012\/06\/EC-Benfica-de-Vila-Guilherme-1949-291x300.jpg\" alt=\"\" width=\"291\" height=\"300\" srcset=\"https:\/\/historiadofutebol.com\/blog\/wp-content\/uploads\/2012\/06\/EC-Benfica-de-Vila-Guilherme-1949-291x300.jpg 291w, https:\/\/historiadofutebol.com\/blog\/wp-content\/uploads\/2012\/06\/EC-Benfica-de-Vila-Guilherme-1949-486x500.jpg 486w, https:\/\/historiadofutebol.com\/blog\/wp-content\/uploads\/2012\/06\/EC-Benfica-de-Vila-Guilherme-1949-24x24.jpg 24w, https:\/\/historiadofutebol.com\/blog\/wp-content\/uploads\/2012\/06\/EC-Benfica-de-Vila-Guilherme-1949-36x36.jpg 36w, https:\/\/historiadofutebol.com\/blog\/wp-content\/uploads\/2012\/06\/EC-Benfica-de-Vila-Guilherme-1949-48x48.jpg 48w, https:\/\/historiadofutebol.com\/blog\/wp-content\/uploads\/2012\/06\/EC-Benfica-de-Vila-Guilherme-1949.jpg 596w\" sizes=\"auto, (max-width: 291px) 100vw, 291px\" \/><\/p>\n<div>O<span style=\"color: #008000\"><strong><em> Esporte Clube Benfica de Vila Guilherme\u00a0<\/em><\/strong><\/span> \u00e9 uma agremia\u00e7\u00e3o da cidade de S\u00e3o Paulo (SP).\u00a0<span style=\"color: #800000\"><strong><em>O Clube foi Fundado no dia\u00a010 de Janeiro de 1949<\/em><\/strong><\/span>, e a sua Sede fica localizada na\u00a0Rua Jo\u00e3o Ventura Batista, 870 &#8211; no\u00a0Bairro: Vila Guilherme &#8211; Zona Norte da capital paulistana.<\/div>\n<div>\u00a0<\/div>\n<div>\n<div id=\"attachment_35395\" style=\"width: 217px\" class=\"wp-caption aligncenter\"><img loading=\"lazy\" decoding=\"async\" aria-describedby=\"caption-attachment-35395\" class=\"size-medium wp-image-35395\" src=\"https:\/\/historiadofutebol.com\/blog\/wp-content\/uploads\/2012\/06\/EC-Benfica-de-Vila-Guilherme-sede-207x300.jpg\" alt=\"\" width=\"207\" height=\"300\" srcset=\"https:\/\/historiadofutebol.com\/blog\/wp-content\/uploads\/2012\/06\/EC-Benfica-de-Vila-Guilherme-sede-207x300.jpg 207w, https:\/\/historiadofutebol.com\/blog\/wp-content\/uploads\/2012\/06\/EC-Benfica-de-Vila-Guilherme-sede-346x500.jpg 346w, https:\/\/historiadofutebol.com\/blog\/wp-content\/uploads\/2012\/06\/EC-Benfica-de-Vila-Guilherme-sede.jpg 582w\" sizes=\"auto, (max-width: 207px) 100vw, 207px\" \/><p id=\"caption-attachment-35395\" class=\"wp-caption-text\">Distintivo - Sede<\/p><\/div>\n<\/div>\n","protected":false},"excerpt":{"rendered":"<p>O Esporte Clube Benfica de Vila Guilherme\u00a0 \u00e9 uma agremia\u00e7\u00e3o da cidade de S\u00e3o Paulo (SP).\u00a0O Clube foi Fundado no dia\u00a010 de Janeiro de 1949, e a sua Sede fica localizada na\u00a0Rua Jo\u00e3o Ventura Batista, 870 &#8211; no\u00a0Bairro: Vila Guilherme &#8211; Zona Norte da capital paulistana. \u00a0<\/p>\n","protected":false},"author":55,"featured_media":0,"comment_status":"open","ping_status":"closed","sticky":false,"template":"","format":"standard","meta":{"footnotes":""},"categories":[203,189,59,118,51],"tags":[],"class_list":["post-35393","post","type-post","status-publish","format-standard","hentry","category-sergio-mello","category-toninho-sereno","category-escudos","category-futebol-amador-varzeano","category-sao-paulo"],"_links":{"self":[{"href":"https:\/\/historiadofutebol.com\/blog\/index.php?rest_route=\/wp\/v2\/posts\/35393","targetHints":{"allow":["GET"]}}],"collection":[{"href":"https:\/\/historiadofutebol.com\/blog\/index.php?rest_route=\/wp\/v2\/posts"}],"about":[{"href":"https:\/\/historiadofutebol.com\/blog\/index.php?rest_route=\/wp\/v2\/types\/post"}],"author":[{"embeddable":true,"href":"https:\/\/historiadofutebol.com\/blog\/index.php?rest_route=\/wp\/v2\/users\/55"}],"replies":[{"embeddable":true,"href":"https:\/\/historiadofutebol.com\/blog\/index.php?rest_route=%2Fwp%2Fv2%2Fcomments&post=35393"}],"version-history":[{"count":1,"href":"https:\/\/historiadofutebol.com\/blog\/index.php?rest_route=\/wp\/v2\/posts\/35393\/revisions"}],"predecessor-version":[{"id":35396,"href":"https:\/\/historiadofutebol.com\/blog\/index.php?rest_route=\/wp\/v2\/posts\/35393\/revisions\/35396"}],"wp:attachment":[{"href":"https:\/\/historiadofutebol.com\/blog\/index.php?rest_route=%2Fwp%2Fv2%2Fmedia&parent=35393"}],"wp:term":[{"taxonomy":"category","embeddable":true,"href":"https:\/\/historiadofutebol.com\/blog\/index.php?rest_route=%2Fwp%2Fv2%2Fcategories&post=35393"},{"taxonomy":"post_tag","embeddable":true,"href":"https:\/\/historiadofutebol.com\/blog\/index.php?rest_route=%2Fwp%2Fv2%2Ftags&post=35393"}],"curies":[{"name":"wp","href":"https:\/\/api.w.org\/{rel}","templated":true}]}}