{"id":35353,"date":"2012-06-11T03:23:12","date_gmt":"2012-06-11T06:23:12","guid":{"rendered":"https:\/\/historiadofutebol.com\/blog\/?p=35353"},"modified":"2012-06-11T03:24:52","modified_gmt":"2012-06-11T06:24:52","slug":"sao-cristovao-f-r-campeao-carioca-de-1926-e-rebaixado-para-a-terceirona","status":"publish","type":"post","link":"https:\/\/historiadofutebol.com\/blog\/?p=35353","title":{"rendered":"S\u00e3o Crist\u00f3v\u00e3o F.R., campe\u00e3o Carioca de 1926, \u00e9 rebaixado para a Terceirona"},"content":{"rendered":"<p><img loading=\"lazy\" decoding=\"async\" class=\"aligncenter size-large wp-image-26950\" src=\"https:\/\/historiadofutebol.com\/blog\/wp-content\/uploads\/2012\/03\/sao_cristovao-420x500.jpg\" alt=\"\" width=\"420\" height=\"500\" srcset=\"https:\/\/historiadofutebol.com\/blog\/wp-content\/uploads\/2012\/03\/sao_cristovao-420x500.jpg 420w, https:\/\/historiadofutebol.com\/blog\/wp-content\/uploads\/2012\/03\/sao_cristovao-252x300.jpg 252w, https:\/\/historiadofutebol.com\/blog\/wp-content\/uploads\/2012\/03\/sao_cristovao.jpg 778w\" sizes=\"auto, (max-width: 420px) 100vw, 420px\" \/><\/p>\n<p>\u201c<em>Dia triste, c\u00e9u cinzento, muita chuva e muito vento e muito frio l\u00e1 fora<\/em>\u201d. Tantas poesias talvez n\u00e3o consigam retratar a dor do torcedor s\u00e3o-cristovense, que acompanhou um dos momentos mais tristes na hist\u00f3ria do clube. Neste domingo<em> (11\/06\/2012)<\/em>, o <strong><em>S\u00e3o Crist\u00f3v\u00e3o F.R<\/em><\/strong>., campe\u00e3o Carioca de 1926, foi rebaixado para o Campeonato Carioca da S\u00e9rie C.<\/p>\n<p>Restando uma rodada para o final do Grupo X, com a vit\u00f3ria do Mesquita sobre o Imperial no Louzad\u00e3o, o <strong>S\u00e3o Crist\u00f3v\u00e3o<\/strong> n\u00e3o tem mais chances de escapar da degola.<\/p>\n<p>A campanha foi p\u00e9ssima desde o in\u00edcio. Com muitas trocas de treinadores, o time n\u00e3o deu aspira\u00e7\u00f5es de que poderia aspirar algo que n\u00e3o a luta contra o rebaixamento. No Grupo X, apenas oito pontos, sendo seis conquistados atrav\u00e9s das vit\u00f3rias por WO sobre o <strong>Carapebus<\/strong>. As in\u00fameras derrotas resultaram no time Cadete como o \u00fanico rebaixado para a S\u00e9rie C, j\u00e1 que outros dois desistiram da Segundona.<\/p>\n<p>Agora, com os resultados da rodada, a tabela aponta o <em><strong>S\u00e3o Crist\u00f3v<\/strong>\u00e3o<\/em> com oito pontos, \u00fanico integrante da zona da degola, j\u00e1 que o <strong>Carapebus<\/strong> ficou suspenso em todo o Grupo X. O <strong>Juventus<\/strong>, com 11, ganhar\u00e1 tr\u00eas pontos da vit\u00f3ria por WO sobre o pr\u00f3prio time do Norte Fluminense. J\u00e1 o <strong>Mesquita<\/strong> chegou a 12.<\/p>\n<p>Com 113 anos de hist\u00f3ria, o <strong><em>S\u00e3o Crist\u00f3v\u00e3o de Futebol e Regatas<\/em><\/strong> se orgulha de ter revelado o atacante Ronaldo, o Fen\u00f4meno, maior artilheiro de todas as Copas do Mundo. Tamb\u00e9m foi vice-campe\u00e3o em 1934. No entanto, n\u00e3o disputa a Primeira Divis\u00e3o h\u00e1 quase 20 anos, passando todos esses na Segundona. Agora, pela primeira vez, o clube ter\u00e1 de jogar a S\u00e9rie C.<\/p>\n<p>Mesmo ap\u00f3s o rebaixamento confirmado, o <strong><em>S\u00e3o Crist\u00f3v\u00e3o<\/em><\/strong> ainda tem que cumprir tabela no pr\u00f3ximo s\u00e1bado <em>(16\/06\/2012)<\/em>, \u00e0s 15h, contra o <strong>Mesquita<\/strong>, no Est\u00e1dio Nielsen Louzada, o Louzad\u00e3o, na Baixada Fluminense.<\/p>\n<p>Agora, a Terceirona tem mais um clube tradiocional. O<strong> S\u00e3o Crist\u00f3v\u00e3o<\/strong> se junta ao <strong>Campo Grande<\/strong> (campe\u00e3o da Ta\u00e7a de Prata de 1982) e algumas equipes que j\u00e1 estiveram na elite do futebol carioca como o <strong>Am\u00e9rica de Tr\u00eas Rios<\/strong> e <strong>Serrano de Petr\u00f3polis<\/strong>. Sem d\u00favida, o futebol carioca est\u00e1 um pouco mais triste hoje.<\/p>\n","protected":false},"excerpt":{"rendered":"<p>\u201cDia triste, c\u00e9u cinzento, muita chuva e muito vento e muito frio l\u00e1 fora\u201d. Tantas poesias talvez n\u00e3o consigam retratar a dor do torcedor s\u00e3o-cristovense, que acompanhou um dos momentos mais tristes na hist\u00f3ria do clube. Neste domingo (11\/06\/2012), o S\u00e3o Crist\u00f3v\u00e3o F.R., campe\u00e3o Carioca de 1926, foi rebaixado para o Campeonato Carioca da S\u00e9rie [&hellip;]<\/p>\n","protected":false},"author":55,"featured_media":0,"comment_status":"open","ping_status":"closed","sticky":false,"template":"","format":"standard","meta":{"footnotes":""},"categories":[203,83,3,47],"tags":[],"class_list":["post-35353","post","type-post","status-publish","format-standard","hentry","category-sergio-mello","category-x9-curiosidades","category-historia-do-futebol","category-rio-de-janeiro"],"_links":{"self":[{"href":"https:\/\/historiadofutebol.com\/blog\/index.php?rest_route=\/wp\/v2\/posts\/35353","targetHints":{"allow":["GET"]}}],"collection":[{"href":"https:\/\/historiadofutebol.com\/blog\/index.php?rest_route=\/wp\/v2\/posts"}],"about":[{"href":"https:\/\/historiadofutebol.com\/blog\/index.php?rest_route=\/wp\/v2\/types\/post"}],"author":[{"embeddable":true,"href":"https:\/\/historiadofutebol.com\/blog\/index.php?rest_route=\/wp\/v2\/users\/55"}],"replies":[{"embeddable":true,"href":"https:\/\/historiadofutebol.com\/blog\/index.php?rest_route=%2Fwp%2Fv2%2Fcomments&post=35353"}],"version-history":[{"count":2,"href":"https:\/\/historiadofutebol.com\/blog\/index.php?rest_route=\/wp\/v2\/posts\/35353\/revisions"}],"predecessor-version":[{"id":35355,"href":"https:\/\/historiadofutebol.com\/blog\/index.php?rest_route=\/wp\/v2\/posts\/35353\/revisions\/35355"}],"wp:attachment":[{"href":"https:\/\/historiadofutebol.com\/blog\/index.php?rest_route=%2Fwp%2Fv2%2Fmedia&parent=35353"}],"wp:term":[{"taxonomy":"category","embeddable":true,"href":"https:\/\/historiadofutebol.com\/blog\/index.php?rest_route=%2Fwp%2Fv2%2Fcategories&post=35353"},{"taxonomy":"post_tag","embeddable":true,"href":"https:\/\/historiadofutebol.com\/blog\/index.php?rest_route=%2Fwp%2Fv2%2Ftags&post=35353"}],"curies":[{"name":"wp","href":"https:\/\/api.w.org\/{rel}","templated":true}]}}