{"id":34648,"date":"2012-06-05T00:37:36","date_gmt":"2012-06-05T03:37:36","guid":{"rendered":"https:\/\/historiadofutebol.com\/blog\/?p=34648"},"modified":"2026-01-25T15:45:54","modified_gmt":"2026-01-25T18:45:54","slug":"agremiacoes-da-regiao-do-tatuape-parte-48-salada-futebol-clube","status":"publish","type":"post","link":"https:\/\/historiadofutebol.com\/blog\/?p=34648","title":{"rendered":"Agremia\u00e7\u00f5es da Regi\u00e3o do Tatuap\u00e9 (SP) \u2013 Parte 48: Salada Futebol Clube"},"content":{"rendered":"<div class=\"wp-block-image\">\n<figure class=\"aligncenter\"><img loading=\"lazy\" decoding=\"async\" width=\"500\" height=\"323\" src=\"https:\/\/historiadofutebol.com\/blog\/wp-content\/uploads\/2012\/06\/SALADA-500x323.jpg\" alt=\"\" class=\"wp-image-34650\" srcset=\"https:\/\/historiadofutebol.com\/blog\/wp-content\/uploads\/2012\/06\/SALADA-500x323.jpg 500w, https:\/\/historiadofutebol.com\/blog\/wp-content\/uploads\/2012\/06\/SALADA-300x193.jpg 300w, https:\/\/historiadofutebol.com\/blog\/wp-content\/uploads\/2012\/06\/SALADA.jpg 1040w\" sizes=\"auto, (max-width: 500px) 100vw, 500px\" \/><figcaption class=\"wp-element-caption\"><mark style=\"background-color:rgba(0, 0, 0, 0);color:#13118a\" class=\"has-inline-color\"><strong>EM P\u00c9 (esquerda para a direita):<\/strong> Fontana, Donato, Quid\u00e3o, Augusto, Jaime e Am\u00e9lio; <strong>AGACHADOS (esquerda para a direita):<\/strong>  Cl\u00e1udio, M\u00e1rio, Luiz, Couto e Jair.<\/mark><\/figcaption><\/figure><\/div>\n\n\n<p><em><mark style=\"background-color:rgba(0, 0, 0, 0);color:#000000\" class=\"has-inline-color\"><strong>FONTE:<\/strong> Gazeta do Tatuap\u00e9<\/mark><\/em><\/p>\n","protected":false},"excerpt":{"rendered":"<p>FONTE: Gazeta do Tatuap\u00e9<\/p>\n","protected":false},"author":47,"featured_media":0,"comment_status":"open","ping_status":"closed","sticky":false,"template":"","format":"standard","meta":{"footnotes":""},"categories":[203,189,118,51],"tags":[],"class_list":["post-34648","post","type-post","status-publish","format-standard","hentry","category-sergio-mello","category-toninho-sereno","category-futebol-amador-varzeano","category-sao-paulo"],"_links":{"self":[{"href":"https:\/\/historiadofutebol.com\/blog\/index.php?rest_route=\/wp\/v2\/posts\/34648","targetHints":{"allow":["GET"]}}],"collection":[{"href":"https:\/\/historiadofutebol.com\/blog\/index.php?rest_route=\/wp\/v2\/posts"}],"about":[{"href":"https:\/\/historiadofutebol.com\/blog\/index.php?rest_route=\/wp\/v2\/types\/post"}],"author":[{"embeddable":true,"href":"https:\/\/historiadofutebol.com\/blog\/index.php?rest_route=\/wp\/v2\/users\/47"}],"replies":[{"embeddable":true,"href":"https:\/\/historiadofutebol.com\/blog\/index.php?rest_route=%2Fwp%2Fv2%2Fcomments&post=34648"}],"version-history":[{"count":5,"href":"https:\/\/historiadofutebol.com\/blog\/index.php?rest_route=\/wp\/v2\/posts\/34648\/revisions"}],"predecessor-version":[{"id":135493,"href":"https:\/\/historiadofutebol.com\/blog\/index.php?rest_route=\/wp\/v2\/posts\/34648\/revisions\/135493"}],"wp:attachment":[{"href":"https:\/\/historiadofutebol.com\/blog\/index.php?rest_route=%2Fwp%2Fv2%2Fmedia&parent=34648"}],"wp:term":[{"taxonomy":"category","embeddable":true,"href":"https:\/\/historiadofutebol.com\/blog\/index.php?rest_route=%2Fwp%2Fv2%2Fcategories&post=34648"},{"taxonomy":"post_tag","embeddable":true,"href":"https:\/\/historiadofutebol.com\/blog\/index.php?rest_route=%2Fwp%2Fv2%2Ftags&post=34648"}],"curies":[{"name":"wp","href":"https:\/\/api.w.org\/{rel}","templated":true}]}}