{"id":34223,"date":"2012-06-02T07:17:49","date_gmt":"2012-06-02T10:17:49","guid":{"rendered":"https:\/\/historiadofutebol.com\/blog\/?p=34223"},"modified":"2024-07-01T02:41:58","modified_gmt":"2024-07-01T05:41:58","slug":"segunda-viagem-da-afe-ao-exterior-provocou-desmonte","status":"publish","type":"post","link":"https:\/\/historiadofutebol.com\/blog\/?p=34223","title":{"rendered":"Segunda viagem da AFE ao exterior provocou desmonte"},"content":{"rendered":"<p>Em sua segunda excurs\u00e3o ao exterior, a Associa\u00e7\u00e3o Ferrovi\u00e1ria de Esportes de Araraquara dirigiu-se \u00e0s Am\u00e9ricas do Sul e Central, no ano de 1963, em giro que se iniciou em janeiro e terminou em mar\u00e7o.<\/p>\n<p>O t\u00e9cnico Francisco Jos\u00e9 Sarno contou com o seguinte elenco de jogadores: Toninho, Aparecido, Z\u00e9 Maria, Galhardo, Brand\u00e3o, Rodrigues, Geraldo Scalera, Dudu, Jo\u00e3o, Tonh\u00e3o, Ditinho, Vanderlei, Tales, Peixinho, Capit\u00e3o, Nego, M\u00e1rio, Bazzani e Benny.<\/p>\n<p>Em 16 apresenta\u00e7\u00f5es, a Ferrinha obteve 13 vit\u00f3rias e foi derrotada em 3 jogos. Assinalou 48 gols, com m\u00e9dia de 3 por jogo. Sofreu apenas 12.<\/p>\n<p>Os jogos:<br \/>\n20.01.63 \u2013 4 x 0 \u2013 Cucuta Deportivo (COL)<br \/>\n23.01.63 \u2013 0 x 1 \u2013 Deportivo Pereira (COL)<br \/>\n27.01.63 \u2013 4 x 5 \u2013 Once Caldas (COL)<br \/>\n30.01.63 \u2013 6 x 0 \u2013 Atl\u00e9tico Nacional (COL)<br \/>\n03.02.63 \u2013 2 x 1 \u2013 Deportivo Independiente (COL)<br \/>\n08.02.63 \u2013 2 x 0 \u2013 Deportivo Atl\u00e2ntico (COL)<br \/>\n10.02.63 \u2013 3 x 1 \u2013 Club Uni\u00f3n Magdalena (COL)<br \/>\n12.02.63 \u2013 7 x 0 \u2013 Deportivo Barranca (COL)<br \/>\n15.02.63 \u2013 3 x 0 \u2013 Sele\u00e7\u00e3o do Panam\u00e1<br \/>\n17.02.63 \u2013 4 x 0 \u2013 Sele\u00e7\u00e3o de Honduras<br \/>\n24.02.63 \u2013 3 x 0 \u2013 Sele\u00e7\u00e3o de El Salvador<br \/>\n27.02.63 \u2013 2 x 0 \u2013 Sele\u00e7\u00e3o Municipal da Guatemala<br \/>\n03.03.63 \u2013 2 x 1 \u2013 Sele\u00e7\u00e3o Nacional da Guatemala<br \/>\n06.03.63 \u2013 1 x 0 \u2013 Sele\u00e7\u00e3o Nacional da Guatemala<br \/>\n10.03.63 \u2013 4 x 1 \u2013 Sele\u00e7\u00e3o Nacional de El Salvador<br \/>\n12.03.63 \u2013 1 x 2 \u2013 Sele\u00e7\u00e3o Nacional da Costa Rica<\/p>\n<p>O resultado financeiro da excurs\u00e3o foi muito positivo, s\u00f3 que o \u00eaxito da campanha despertou o interesse dos grandes clubes pelos astros gren\u00e1s. E a AFE foi sendo desmontada. Peixinho foi para o Santos (nada mais l\u00f3gico, n\u00e9?); Bazzani seguiu para o Corinthians; Dudu e Geraldo Scalera rumaram para o Palmeiras. Algum tempo depois o Corinthians levaria mais dois: Galhardo e Tales. O ponteiro-esquerdo Benny seria transferido para a Argentina.<\/p>\n<p>N\u00e3o demorou muito e a agremia\u00e7\u00e3o da Estrada de Ferro sentiria amargamente o resultado desse desmonte, sendo rebaixada em 1965, caindo da Divis\u00e3o Especial para a Primeira Divis\u00e3o.<\/p>\n<p>Fontes:<br \/>\nFonte Luminosa \u2013 Ferrovi\u00e1ria, de Lu\u00eds Marcelo Inaco Cirino;  T\u00f3picos do Passado da AFE, de Ant\u00f4nio Jorge Moreira.<\/p>\n","protected":false},"excerpt":{"rendered":"<p>Em sua segunda excurs\u00e3o ao exterior, a Associa\u00e7\u00e3o Ferrovi\u00e1ria de Esportes de Araraquara dirigiu-se \u00e0s Am\u00e9ricas do Sul e Central, no ano de 1963, em giro que se iniciou em janeiro e terminou em mar\u00e7o. O t\u00e9cnico Francisco Jos\u00e9 Sarno contou com o seguinte elenco de jogadores: Toninho, Aparecido, Z\u00e9 Maria, Galhardo, Brand\u00e3o, Rodrigues, Geraldo [&hellip;]<\/p>\n","protected":false},"author":55,"featured_media":0,"comment_status":"open","ping_status":"closed","sticky":false,"template":"","format":"standard","meta":{"footnotes":""},"categories":[203,207,84,51],"tags":[],"class_list":["post-34223","post","type-post","status-publish","format-standard","hentry","category-sergio-mello","category-vicente-baroffaldi","category-amistosos-internacionais","category-sao-paulo"],"_links":{"self":[{"href":"https:\/\/historiadofutebol.com\/blog\/index.php?rest_route=\/wp\/v2\/posts\/34223","targetHints":{"allow":["GET"]}}],"collection":[{"href":"https:\/\/historiadofutebol.com\/blog\/index.php?rest_route=\/wp\/v2\/posts"}],"about":[{"href":"https:\/\/historiadofutebol.com\/blog\/index.php?rest_route=\/wp\/v2\/types\/post"}],"author":[{"embeddable":true,"href":"https:\/\/historiadofutebol.com\/blog\/index.php?rest_route=\/wp\/v2\/users\/55"}],"replies":[{"embeddable":true,"href":"https:\/\/historiadofutebol.com\/blog\/index.php?rest_route=%2Fwp%2Fv2%2Fcomments&post=34223"}],"version-history":[{"count":1,"href":"https:\/\/historiadofutebol.com\/blog\/index.php?rest_route=\/wp\/v2\/posts\/34223\/revisions"}],"predecessor-version":[{"id":34224,"href":"https:\/\/historiadofutebol.com\/blog\/index.php?rest_route=\/wp\/v2\/posts\/34223\/revisions\/34224"}],"wp:attachment":[{"href":"https:\/\/historiadofutebol.com\/blog\/index.php?rest_route=%2Fwp%2Fv2%2Fmedia&parent=34223"}],"wp:term":[{"taxonomy":"category","embeddable":true,"href":"https:\/\/historiadofutebol.com\/blog\/index.php?rest_route=%2Fwp%2Fv2%2Fcategories&post=34223"},{"taxonomy":"post_tag","embeddable":true,"href":"https:\/\/historiadofutebol.com\/blog\/index.php?rest_route=%2Fwp%2Fv2%2Ftags&post=34223"}],"curies":[{"name":"wp","href":"https:\/\/api.w.org\/{rel}","templated":true}]}}