{"id":33972,"date":"2012-05-29T19:18:38","date_gmt":"2012-05-29T22:18:38","guid":{"rendered":"https:\/\/historiadofutebol.com\/blog\/?p=33972"},"modified":"2012-05-29T19:18:38","modified_gmt":"2012-05-29T22:18:38","slug":"associacao-atletica-vila-albina-taubate-sp","status":"publish","type":"post","link":"https:\/\/historiadofutebol.com\/blog\/?p=33972","title":{"rendered":"Associa\u00e7\u00e3o Atl\u00e9tica Vila Albina &#8211; Taubat\u00e9 (SP)"},"content":{"rendered":"<p><img loading=\"lazy\" decoding=\"async\" class=\"aligncenter size-medium wp-image-33973\" src=\"https:\/\/historiadofutebol.com\/blog\/wp-content\/uploads\/2012\/05\/AA-Vila-Albina-286x300.jpg\" alt=\"\" width=\"286\" height=\"300\" srcset=\"https:\/\/historiadofutebol.com\/blog\/wp-content\/uploads\/2012\/05\/AA-Vila-Albina-286x300.jpg 286w, https:\/\/historiadofutebol.com\/blog\/wp-content\/uploads\/2012\/05\/AA-Vila-Albina-477x500.jpg 477w, https:\/\/historiadofutebol.com\/blog\/wp-content\/uploads\/2012\/05\/AA-Vila-Albina-24x24.jpg 24w, https:\/\/historiadofutebol.com\/blog\/wp-content\/uploads\/2012\/05\/AA-Vila-Albina.jpg 581w\" sizes=\"auto, (max-width: 286px) 100vw, 286px\" \/><\/p>\n<p>A <span style=\"color: #ff0000\"><strong><em>Associa\u00e7\u00e3o Atl\u00e9tica Vila Albina<\/em><\/strong><\/span> \u00e9 uma agremia\u00e7\u00e3o da cidade de Taubat\u00e9 (SP). <span style=\"color: #008000\"><strong><em>Fundado no dia 22 de Abril de 1958<\/em><\/strong><\/span>. A Sede do <span style=\"color: #ff0000\"><strong><em>clube<\/em><\/strong><\/span> fica localizada no Bairro de Vila Albina.<\/p>\n<p>O <span style=\"color: #800000\"><strong><em>Tricolor\u00a0Taubateano <\/em><\/strong><\/span>disputa as competi\u00e7\u00f5es da <span style=\"color: #0000ff\"><strong>Liga Municipal de Futebol de Taubat\u00e9 (LMFT)<\/strong><\/span>, onde manda os seus jogos no Est\u00e1dio L\u00edbero Indiani (campo do Quiririm). O principal t\u00edtulo foi Campeonato Amador da Segunda Divis\u00e3o de Taubat\u00e9, em 1991.<\/p>\n","protected":false},"excerpt":{"rendered":"<p>A Associa\u00e7\u00e3o Atl\u00e9tica Vila Albina \u00e9 uma agremia\u00e7\u00e3o da cidade de Taubat\u00e9 (SP). Fundado no dia 22 de Abril de 1958. A Sede do clube fica localizada no Bairro de Vila Albina. O Tricolor\u00a0Taubateano disputa as competi\u00e7\u00f5es da Liga Municipal de Futebol de Taubat\u00e9 (LMFT), onde manda os seus jogos no Est\u00e1dio L\u00edbero Indiani (campo [&hellip;]<\/p>\n","protected":false},"author":55,"featured_media":0,"comment_status":"open","ping_status":"closed","sticky":false,"template":"","format":"standard","meta":{"footnotes":""},"categories":[203,204,59,118,51],"tags":[],"class_list":["post-33972","post","type-post","status-publish","format-standard","hentry","category-sergio-mello","category-roberto-saraiva","category-escudos","category-futebol-amador-varzeano","category-sao-paulo"],"_links":{"self":[{"href":"https:\/\/historiadofutebol.com\/blog\/index.php?rest_route=\/wp\/v2\/posts\/33972","targetHints":{"allow":["GET"]}}],"collection":[{"href":"https:\/\/historiadofutebol.com\/blog\/index.php?rest_route=\/wp\/v2\/posts"}],"about":[{"href":"https:\/\/historiadofutebol.com\/blog\/index.php?rest_route=\/wp\/v2\/types\/post"}],"author":[{"embeddable":true,"href":"https:\/\/historiadofutebol.com\/blog\/index.php?rest_route=\/wp\/v2\/users\/55"}],"replies":[{"embeddable":true,"href":"https:\/\/historiadofutebol.com\/blog\/index.php?rest_route=%2Fwp%2Fv2%2Fcomments&post=33972"}],"version-history":[{"count":1,"href":"https:\/\/historiadofutebol.com\/blog\/index.php?rest_route=\/wp\/v2\/posts\/33972\/revisions"}],"predecessor-version":[{"id":33974,"href":"https:\/\/historiadofutebol.com\/blog\/index.php?rest_route=\/wp\/v2\/posts\/33972\/revisions\/33974"}],"wp:attachment":[{"href":"https:\/\/historiadofutebol.com\/blog\/index.php?rest_route=%2Fwp%2Fv2%2Fmedia&parent=33972"}],"wp:term":[{"taxonomy":"category","embeddable":true,"href":"https:\/\/historiadofutebol.com\/blog\/index.php?rest_route=%2Fwp%2Fv2%2Fcategories&post=33972"},{"taxonomy":"post_tag","embeddable":true,"href":"https:\/\/historiadofutebol.com\/blog\/index.php?rest_route=%2Fwp%2Fv2%2Ftags&post=33972"}],"curies":[{"name":"wp","href":"https:\/\/api.w.org\/{rel}","templated":true}]}}