{"id":33682,"date":"2012-05-26T20:45:28","date_gmt":"2012-05-26T23:45:28","guid":{"rendered":"https:\/\/historiadofutebol.com\/blog\/?p=33682"},"modified":"2012-05-26T20:50:26","modified_gmt":"2012-05-26T23:50:26","slug":"rio-branco-futebol-clube-canoas-rs","status":"publish","type":"post","link":"https:\/\/historiadofutebol.com\/blog\/?p=33682","title":{"rendered":"Rio Branco Futebol Clube &#8211; Canoas (RS)"},"content":{"rendered":"<p><img loading=\"lazy\" decoding=\"async\" class=\"aligncenter size-medium wp-image-33683\" src=\"https:\/\/historiadofutebol.com\/blog\/wp-content\/uploads\/2012\/05\/Rio-Branco-FC-Canoas-290x300.jpg\" alt=\"\" width=\"290\" height=\"300\" srcset=\"https:\/\/historiadofutebol.com\/blog\/wp-content\/uploads\/2012\/05\/Rio-Branco-FC-Canoas-290x300.jpg 290w, https:\/\/historiadofutebol.com\/blog\/wp-content\/uploads\/2012\/05\/Rio-Branco-FC-Canoas-484x500.jpg 484w, https:\/\/historiadofutebol.com\/blog\/wp-content\/uploads\/2012\/05\/Rio-Branco-FC-Canoas-24x24.jpg 24w, https:\/\/historiadofutebol.com\/blog\/wp-content\/uploads\/2012\/05\/Rio-Branco-FC-Canoas-36x36.jpg 36w, https:\/\/historiadofutebol.com\/blog\/wp-content\/uploads\/2012\/05\/Rio-Branco-FC-Canoas.jpg 577w\" sizes=\"auto, (max-width: 290px) 100vw, 290px\" \/><\/p>\n<p>O <span style=\"color: #ff0000\"><strong><em>Rio Branco Futebol Clube<\/em><\/strong><\/span> \u00e9 uma agremia\u00e7\u00e3o da cidade ga\u00facha de Canoas. <strong><em><span style=\"color: #ff0000\">Fundado no dia 25 de Agosto de\u00a01957<\/span><\/em><\/strong>, o<em> <\/em><strong><em><span style=\"color: #ff0000\">Rio Branco <\/span><\/em><\/strong>\u00e9 filiado \u00e0 <strong><span style=\"color: #003300\">Liga Canoense de Futebol <\/span><em><span style=\"color: #003300\">(LCF)<\/span><\/em><\/strong>.<\/p>\n","protected":false},"excerpt":{"rendered":"<p>O Rio Branco Futebol Clube \u00e9 uma agremia\u00e7\u00e3o da cidade ga\u00facha de Canoas. Fundado no dia 25 de Agosto de\u00a01957, o Rio Branco \u00e9 filiado \u00e0 Liga Canoense de Futebol (LCF).<\/p>\n","protected":false},"author":55,"featured_media":0,"comment_status":"open","ping_status":"closed","sticky":false,"template":"","format":"standard","meta":{"footnotes":""},"categories":[203,59,118,46],"tags":[],"class_list":["post-33682","post","type-post","status-publish","format-standard","hentry","category-sergio-mello","category-escudos","category-futebol-amador-varzeano","category-rg-do-sul"],"_links":{"self":[{"href":"https:\/\/historiadofutebol.com\/blog\/index.php?rest_route=\/wp\/v2\/posts\/33682","targetHints":{"allow":["GET"]}}],"collection":[{"href":"https:\/\/historiadofutebol.com\/blog\/index.php?rest_route=\/wp\/v2\/posts"}],"about":[{"href":"https:\/\/historiadofutebol.com\/blog\/index.php?rest_route=\/wp\/v2\/types\/post"}],"author":[{"embeddable":true,"href":"https:\/\/historiadofutebol.com\/blog\/index.php?rest_route=\/wp\/v2\/users\/55"}],"replies":[{"embeddable":true,"href":"https:\/\/historiadofutebol.com\/blog\/index.php?rest_route=%2Fwp%2Fv2%2Fcomments&post=33682"}],"version-history":[{"count":5,"href":"https:\/\/historiadofutebol.com\/blog\/index.php?rest_route=\/wp\/v2\/posts\/33682\/revisions"}],"predecessor-version":[{"id":33688,"href":"https:\/\/historiadofutebol.com\/blog\/index.php?rest_route=\/wp\/v2\/posts\/33682\/revisions\/33688"}],"wp:attachment":[{"href":"https:\/\/historiadofutebol.com\/blog\/index.php?rest_route=%2Fwp%2Fv2%2Fmedia&parent=33682"}],"wp:term":[{"taxonomy":"category","embeddable":true,"href":"https:\/\/historiadofutebol.com\/blog\/index.php?rest_route=%2Fwp%2Fv2%2Fcategories&post=33682"},{"taxonomy":"post_tag","embeddable":true,"href":"https:\/\/historiadofutebol.com\/blog\/index.php?rest_route=%2Fwp%2Fv2%2Ftags&post=33682"}],"curies":[{"name":"wp","href":"https:\/\/api.w.org\/{rel}","templated":true}]}}