{"id":33625,"date":"2012-05-26T17:53:00","date_gmt":"2012-05-26T20:53:00","guid":{"rendered":"https:\/\/historiadofutebol.com\/blog\/?p=33625"},"modified":"2015-06-22T03:44:41","modified_gmt":"2015-06-22T06:44:41","slug":"agremiacoes-da-regiao-do-tatuape-%e2%80%93-parte-2-%e2%80%93-vila-paris-futebol-clube-do-tatuape","status":"publish","type":"post","link":"https:\/\/historiadofutebol.com\/blog\/?p=33625","title":{"rendered":"AGREMIA\u00c7\u00d5ES DA REGI\u00c3O DO TATUAP\u00c9 \u2013 PARTE 2 \u2013 VILA PARIS FUTEBOL CLUBE DO TATUAP\u00c9"},"content":{"rendered":"<p><img loading=\"lazy\" decoding=\"async\" class=\"aligncenter size-full wp-image-34434\" src=\"https:\/\/historiadofutebol.com\/blog\/wp-content\/uploads\/2012\/05\/VILA-PARIS-FUTEBOL-CLUBE-TATUAPE1-267x30011.png\" alt=\"\" width=\"267\" height=\"300\" \/><\/p>\n<p><span style=\"font-family: Verdana;color: #009900;font-size: large\"><strong>VILA PARIS FUTEBOL CLUBE<\/strong><\/span><\/p>\n<div><span style=\"font-family: Verdana;color: #cccccc;font-size: large\"><strong>VILA PARIS FUTEBOL CLUBE<\/strong><\/span><\/div>\n<table width=\"100%\" border=\"0\" cellspacing=\"2\" cellpadding=\"2\" align=\"center\">\n<tbody>\n<tr>\n<td width=\"100%\">\n<div align=\"justify\">\n<p align=\"justify\"><span style=\"font-family: Arial;font-size: x-small\">\u00a0<\/span><\/p>\n<p align=\"center\"><span style=\"font-family: Arial;color: #000000;font-size: x-small\"><img decoding=\"async\" src=\"http:\/\/www.gazetanet.com.br\/imagens\/Supl_futebol\/pg-12a.jpg\" alt=\"\" \/><\/span><\/p>\n<p align=\"center\"><strong>O Vila Paris FC, campe\u00e3o do Torneio Roberto Ugolini de 1958\/59. <\/strong><\/p>\n<p><span style=\"font-size: small\"><span style=\"font-size: small\"><span style=\"font-family: Arial;color: #000000;font-size: x-small\"><em><span style=\"font-family: Helvetica;color: #000000;font-size: x-small\"><span style=\"font-family: Helvetica;font-size: x-small\"><strong>Em p\u00e9: Miranda, Marreco, Bino, Biriba, C\u00edcero, Didi, Isaias e Monteiro; agachados: Japon\u00eas, Berto, Augusto, Raul e Z\u00e9<\/strong><\/span><\/span><\/em><\/span><\/span><\/span><\/p>\n<p align=\"justify\">Fundado em 25 de novembro de 1925. Foram seus fundadores: Abel Aniz, Jos\u00e9 Gomes, Jos\u00e9 Augusto, Manuel Pereira, Amadeu Louren\u00e7o, Izaias da Silva e senhores Am\u00e9rico e Belmiro, este, por aclama\u00e7\u00e3o, foi eleito seu primeiro presidente.<\/p>\n<p align=\"justify\"><span style=\"font-family: Arial;font-size: x-small\">O uniforme do clube tem o azul, o branco e o vermelho das cores da bandeira da Fran\u00e7a. A id\u00e9ia da ado\u00e7\u00e3o dessas cores surgiu em fun\u00e7\u00e3o da proximidade do clube com a famosa ch\u00e1cara dos franceses na ocasi\u00e3o em que foi fundado. Em seus bons tempos, o Vila Paris mandou seus jogos em tr\u00eas locais: o primeiro foi na Rua Bom Sucesso; o segundo, no final da Rua Tuiuti, onde hoje se acha instalada a Biblioteca Infanto-Juvenil Paulo S\u00e9rgio Duarte Milliet; o terceiro, na Rua Jarinu, local atualmente ocupado pela EMPG General Othelo Franco. Atualmente ainda mant\u00e9m sua equipe de futebol de campo e um elenco de veteranos. Joga aos domingos no C. Esp. Brig. Eduardo Gomes.<\/span><\/p>\n<p align=\"justify\"><span style=\"font-family: Arial;font-size: x-small\">Desnecess\u00e1rio dizer quantas vit\u00f3rias conseguiu este grande clube e quantos torneios foram por ele levantados. O mais importante, aquele que dificilmente se apaga da lembran\u00e7a dos seus aficionados, foi o Torneio de Inverno de 1965. Na \u00faltima partida deste certame, o Vila Paris venceu o forte time do 7 de Setembro por 4&#215;2. A magn\u00edfica equipe que o constituia na \u00e9poca assim era formada: Dinho, Nelson e Dalo; Pitiguara, Paulinho e Z\u00e9 Nariz; Z\u00e9 Ugo, Fernandinho, Siderlei, Orestes e Z\u00e9 Portugu\u00eas. Claro que esse torneio marcou indelevelmente a hist\u00f3ria do clube, mas outros torneios e outras partidas foram vencidas pelo Vila Paris. As centenas de ta\u00e7as e trof\u00e9us ostentados em sua sede atestam as conquistas desta excelente agremia\u00e7\u00e3o. Importante tamb\u00e9m sua contribui\u00e7\u00e3o para o futebol profissional da Capital. Jogadores que passaram por suas equipes acabaram jogando em clubes da liga principal: Carbone \u2013 Corinthians, David \u2013 Juventus; Ademar e Orestes \u2013 Portuguesa; Fernando e Baianinho. <\/span><\/p>\n<p align=\"justify\"><span style=\"font-family: Arial;font-size: x-small\">Um dos seus grandes presidentes foi Carlos Jani. Sob suas seguidas gest\u00f5es, o clube atingiu o \u00e1pice e passou a ser respeitado em toda a regi\u00e3o. Ap\u00f3s 25 anos de lideran\u00e7a, problemas de sa\u00fade o impediram de continuar. Com sua sa\u00edda, grande crise interna se instalou, quase levando a entidade \u00e0 extin\u00e7\u00e3o. Somente ap\u00f3s ingentes sacrif\u00edcios de seus diretores e associados, o Vila conseguiu debelar a dif\u00edcil situa\u00e7\u00e3o e levar avante os seus objetivos.<\/span><\/p>\n<p align=\"center\"><img decoding=\"async\" src=\"http:\/\/www.gazetanet.com.br\/imagens\/Supl_futebol\/pg-12b.jpg\" alt=\"\" \/><\/p>\n<p align=\"center\"><strong>Vila Paris Futebol Clube: na foto, tirada em 1965, o campe\u00e3o invicto do Torneio de Inverno Sete de Setembro \u00c1gua Rasa. Em p\u00e9: Birita, elsinho, Pitiquara, Z\u00e9 Nariz, Paulinho, Dinho, Dalo e Isaias; agachados: Z\u00e9 Hugo, Fernandinho, Siderlei, Orestes, Z\u00e9 Portugu\u00eas e Nico<\/strong><\/p>\n<p align=\"justify\"><span style=\"font-family: Arial;font-size: x-small\">Em meados de 1971, nova e decisiva conquista: o clube adquire o terreno para a constru\u00e7\u00e3o da sua sede pr\u00f3pria. Em 7 de maio de 1972 era inaugurada, na Rua Bom Sucesso, 1.083, local ocupado at\u00e9 os dias atuais. Nela passaram a ser realizados grandes eventos sociais e esportivos. Por ocasi\u00e3o do anivers\u00e1rio do clube ou em outras datas importantes s\u00e3o realizados jantares ou festas da cerveja.<\/span><\/p>\n<p align=\"justify\"><span style=\"font-family: Arial;font-size: x-small\">Sua diretoria atual assim \u00e9 constitu\u00edda: presidente \u2013 Duarte Pereira; vice-presidente \u2013 Irineu Luiz Ramos; 1\u00ba secret\u00e1rio \u2013 Marcos \u00c1lvaro de Oliveira Ghisloti; 2\u00ba secret\u00e1rio \u2013 Francisco Manoel Pinto; 1\u00ba tesoureiro \u2013 Rubens Antonio Pinto; 2\u00ba tesoureiro \u2013 Amaury Augusto Ramos; diretores de patrim\u00f4nio \u2013 Ismael Eduardo Santos, Maur\u00edcio Alberto Ramos e Oswaldo Augusto da Costa; diretores de esporte \u2013 Paulo Romano e Cleber Marino da Cruz; diretor social \u2013 Jairo Firmino; conselho fiscal \u2013 Pedro Antonio Fabiano, Nelson Manselli e Jenner Negr\u00e3o.<\/span><\/p>\n<\/div>\n<\/td>\n<\/tr>\n<\/tbody>\n<\/table>\n<p>Fonte: Gazeta do Tatuap\u00e9<\/p>\n<p>Escudo: meu acervo<\/p>\n","protected":false},"excerpt":{"rendered":"<p>VILA PARIS FUTEBOL CLUBE VILA PARIS FUTEBOL CLUBE \u00a0 O Vila Paris FC, campe\u00e3o do Torneio Roberto Ugolini de 1958\/59. Em p\u00e9: Miranda, Marreco, Bino, Biriba, C\u00edcero, Didi, Isaias e Monteiro; agachados: Japon\u00eas, Berto, Augusto, Raul e Z\u00e9 Fundado em 25 de novembro de 1925. Foram seus fundadores: Abel Aniz, Jos\u00e9 Gomes, Jos\u00e9 Augusto, Manuel [&hellip;]<\/p>\n","protected":false},"author":47,"featured_media":0,"comment_status":"open","ping_status":"closed","sticky":false,"template":"","format":"standard","meta":{"footnotes":""},"categories":[203,189,118,51],"tags":[],"class_list":["post-33625","post","type-post","status-publish","format-standard","hentry","category-sergio-mello","category-toninho-sereno","category-futebol-amador-varzeano","category-sao-paulo"],"_links":{"self":[{"href":"https:\/\/historiadofutebol.com\/blog\/index.php?rest_route=\/wp\/v2\/posts\/33625","targetHints":{"allow":["GET"]}}],"collection":[{"href":"https:\/\/historiadofutebol.com\/blog\/index.php?rest_route=\/wp\/v2\/posts"}],"about":[{"href":"https:\/\/historiadofutebol.com\/blog\/index.php?rest_route=\/wp\/v2\/types\/post"}],"author":[{"embeddable":true,"href":"https:\/\/historiadofutebol.com\/blog\/index.php?rest_route=\/wp\/v2\/users\/47"}],"replies":[{"embeddable":true,"href":"https:\/\/historiadofutebol.com\/blog\/index.php?rest_route=%2Fwp%2Fv2%2Fcomments&post=33625"}],"version-history":[{"count":12,"href":"https:\/\/historiadofutebol.com\/blog\/index.php?rest_route=\/wp\/v2\/posts\/33625\/revisions"}],"predecessor-version":[{"id":34432,"href":"https:\/\/historiadofutebol.com\/blog\/index.php?rest_route=\/wp\/v2\/posts\/33625\/revisions\/34432"}],"wp:attachment":[{"href":"https:\/\/historiadofutebol.com\/blog\/index.php?rest_route=%2Fwp%2Fv2%2Fmedia&parent=33625"}],"wp:term":[{"taxonomy":"category","embeddable":true,"href":"https:\/\/historiadofutebol.com\/blog\/index.php?rest_route=%2Fwp%2Fv2%2Fcategories&post=33625"},{"taxonomy":"post_tag","embeddable":true,"href":"https:\/\/historiadofutebol.com\/blog\/index.php?rest_route=%2Fwp%2Fv2%2Ftags&post=33625"}],"curies":[{"name":"wp","href":"https:\/\/api.w.org\/{rel}","templated":true}]}}