{"id":33577,"date":"2012-05-25T23:43:16","date_gmt":"2012-05-26T02:43:16","guid":{"rendered":"https:\/\/historiadofutebol.com\/blog\/?p=33577"},"modified":"2012-05-26T17:14:23","modified_gmt":"2012-05-26T20:14:23","slug":"mais-um-centenario-esporte-clube-uruguaiana-uruguaiana-rs","status":"publish","type":"post","link":"https:\/\/historiadofutebol.com\/blog\/?p=33577","title":{"rendered":"Mais um Centen\u00e1rio! Esporte Clube Uruguaiana &#8211; Uruguaiana (RS)"},"content":{"rendered":"<p><img loading=\"lazy\" decoding=\"async\" class=\"aligncenter size-medium wp-image-33580\" src=\"https:\/\/historiadofutebol.com\/blog\/wp-content\/uploads\/2012\/05\/EC-Uruguaiana-novo-253x300.jpg\" alt=\"\" width=\"253\" height=\"300\" srcset=\"https:\/\/historiadofutebol.com\/blog\/wp-content\/uploads\/2012\/05\/EC-Uruguaiana-novo-253x300.jpg 253w, https:\/\/historiadofutebol.com\/blog\/wp-content\/uploads\/2012\/05\/EC-Uruguaiana-novo-421x500.jpg 421w, https:\/\/historiadofutebol.com\/blog\/wp-content\/uploads\/2012\/05\/EC-Uruguaiana-novo.jpg 583w\" sizes=\"auto, (max-width: 253px) 100vw, 253px\" \/><\/p>\n<p>J\u00e1 dizias meu velho av\u00f4: \u201c<em>Antes tarde do que nunca<\/em>\u201d. N\u00e3o poderia deixar de mencionar o <strong><em>Esporte Clube Uruguaiana<\/em><\/strong>, que no \u00faltimo s\u00e1bado chegou a seu Centen\u00e1rio. O dia do anivers\u00e1rio foi marcado uma s\u00e9rie de festividades para<strong><em> Jaldinegro da Baixada<\/em><\/strong><em>,<\/em> como<em> <\/em>a bel\u00edssima Placa comemorativa concedida pela Prefeitura Municipal de Uruguaiana. O Evento contou com a presen\u00e7a de autoridades, dirigentes do Clube, ex-jogadores e torcedores, na Sede do clube, na Rua Marechal Deodoro, 1.920, no Centro.<\/p>\n<p><img loading=\"lazy\" decoding=\"async\" class=\"aligncenter size-full wp-image-33578\" src=\"https:\/\/historiadofutebol.com\/blog\/wp-content\/uploads\/2012\/05\/100-anos-E_C_-Uruguaiana-PLACA-300x225.jpg\" alt=\"\" width=\"300\" height=\"225\" \/><\/p>\n<p><strong>ESCUDOS<\/strong><\/p>\n<p>Para n\u00e3o repetir os escudos postados pelo amigo, membro e pesquisador <strong>Mario Ielo<\/strong> em 15 de julho de 2011, segue outros cinco escudos raros do <strong><em>Jaldinegro da Baixada<\/em><\/strong>. Os raros escudos foram cedidos pelo pesquisador e profundo conhecedor do futebol ga\u00facho, <strong>Douglas Marcelo Rambor<\/strong><\/p>\n<p><img loading=\"lazy\" decoding=\"async\" class=\"aligncenter size-medium wp-image-33582\" src=\"https:\/\/historiadofutebol.com\/blog\/wp-content\/uploads\/2012\/05\/SC-Uruguaiana-anos-20-210x300.jpg\" alt=\"\" width=\"210\" height=\"300\" srcset=\"https:\/\/historiadofutebol.com\/blog\/wp-content\/uploads\/2012\/05\/SC-Uruguaiana-anos-20-210x300.jpg 210w, https:\/\/historiadofutebol.com\/blog\/wp-content\/uploads\/2012\/05\/SC-Uruguaiana-anos-20-351x500.jpg 351w, https:\/\/historiadofutebol.com\/blog\/wp-content\/uploads\/2012\/05\/SC-Uruguaiana-anos-20.jpg 572w\" sizes=\"auto, (max-width: 210px) 100vw, 210px\" \/><\/p>\n<p>\u00a0<strong>HIST\u00d3RIA <\/strong><\/p>\n<p>O <strong><em>Sport Club Uruguaiana<\/em><\/strong> surgiu em 19 de maio de 1912, devido \u00e0 fus\u00e3o do <strong><em>Sport Clube Riachuelo<\/em><\/strong> e do <strong><em>Sport Clube Wanderers<\/em><\/strong>, que havia de congregar a elite da juventude da linda cidade que domina o majestoso Uruguai. Em agosto do mesmo ano, mais um clube engrossaria as fileiras do que nasceu da fus\u00e3o de dois dos pioneiros do foot-ball uruguaianense, o Sport Clube Brasil Progresso.<\/p>\n<div id=\"attachment_33583\" style=\"width: 510px\" class=\"wp-caption aligncenter\"><img loading=\"lazy\" decoding=\"async\" aria-describedby=\"caption-attachment-33583\" class=\"size-large wp-image-33583\" src=\"https:\/\/historiadofutebol.com\/blog\/wp-content\/uploads\/2012\/05\/um-dos-primeiros-times-com-o-pres-pedro-grassi-1913-500x343.jpg\" alt=\"\" width=\"500\" height=\"343\" srcset=\"https:\/\/historiadofutebol.com\/blog\/wp-content\/uploads\/2012\/05\/um-dos-primeiros-times-com-o-pres-pedro-grassi-1913-500x343.jpg 500w, https:\/\/historiadofutebol.com\/blog\/wp-content\/uploads\/2012\/05\/um-dos-primeiros-times-com-o-pres-pedro-grassi-1913-300x206.jpg 300w, https:\/\/historiadofutebol.com\/blog\/wp-content\/uploads\/2012\/05\/um-dos-primeiros-times-com-o-pres-pedro-grassi-1913.jpg 1246w\" sizes=\"auto, (max-width: 500px) 100vw, 500px\" \/><p id=\"caption-attachment-33583\" class=\"wp-caption-text\">SC Uruguaiana de 1913<\/p><\/div>\n<p>Pouco depois foram iniciadas as atividades oficiais do clube que ent\u00e3o contava como presidente o esportista Pedro Grassi, e como destacados membros, os esportitas Luiz Paiva, Pascoal Pelegrini, John Mac Kay, Roberto Mac Kay, Manoel Chavesco, Julio Zacouteguy Junior, Feliciano Winkler, Ricardo Birriel, Aurelio Bonino, Aureo Prato, Jo\u00e3o Cavalheiro e outros.<\/p>\n<p>Em 1913, assumiu a presid\u00eancia do Clube, o Sr. Pedro Cuggiana, que se manteve at\u00e9 1915, dando ensejo, sob suas ordens a que o clube prosperasse e conseguisse in\u00fameras vit\u00f3rias, n\u00e3o somente frente aos clubes locais como tamb\u00e9m em diversas partes do Estado, assim como da zona fronteiri\u00e7a do Uruguai e da Argentina. \u00c9 dessa \u00e9poca o triunfo sobre o combinado de Curuzu-Cuati\u00e1, que congregou elementos de seis clubes da prov\u00edncia argentina de Corrientes, e que repercutiu em todo o Estado.<\/p>\n<p><img loading=\"lazy\" decoding=\"async\" class=\"aligncenter size-full wp-image-33581\" src=\"https:\/\/historiadofutebol.com\/blog\/wp-content\/uploads\/2012\/05\/LOGO-100-ANOS-E_C_U-2-300x210.jpg\" alt=\"\" width=\"300\" height=\"210\" \/><\/p>\n<p>Embora sem uma entidade, foram disputados os campeonatos de Uruguaiana de 1913 e 1914, ganhos pelo clube que, em 1915, fundou uma Liga Uruguaianense, com o concurso dos Clubes Ferro Carril, em que se iniciou o grande e saudoso Eurico Lara, Militar e Esperan\u00e7a, tendo nesse mesmo ano conseguido, al\u00e9m do campeonato local, vencer um combinado dos demais clubes da cidade.<\/p>\n<p>Manteve uma se\u00e7\u00e3o de t\u00eanis, tendo constru\u00eddo as primeiras pelouses de Uruguaiana. Continuou sempre a atuar com brilho e, em 1931, foi um dos finalistas do campeonato estadual, tendo, num jogo em que perdeu por um discutido tento, para o Gr\u00eamio Porto Alegrense, apresentando um quadro que mereceu gerais louvores na capital. A delega\u00e7\u00e3o do clube foi presidida pelo Dr. Osvaldo Aranha.<\/p>\n<p><img loading=\"lazy\" decoding=\"async\" class=\"aligncenter size-large wp-image-33579\" src=\"https:\/\/historiadofutebol.com\/blog\/wp-content\/uploads\/2012\/05\/Camisa-EC-Uruguaiana-500x375.jpg\" alt=\"\" width=\"500\" height=\"375\" srcset=\"https:\/\/historiadofutebol.com\/blog\/wp-content\/uploads\/2012\/05\/Camisa-EC-Uruguaiana-500x375.jpg 500w, https:\/\/historiadofutebol.com\/blog\/wp-content\/uploads\/2012\/05\/Camisa-EC-Uruguaiana-300x225.jpg 300w, https:\/\/historiadofutebol.com\/blog\/wp-content\/uploads\/2012\/05\/Camisa-EC-Uruguaiana.jpg 1600w\" sizes=\"auto, (max-width: 500px) 100vw, 500px\" \/><\/p>\n<p>O Seu Est\u00e1dio \u00e9 o Felisberto Fagundes Filho, com capacidade para 1.500 pessoas. Seu melhor resultado foi o vice-campeonato Ga\u00facho da S\u00e9rie B, em 1966.<\/p>\n<p>&nbsp;<\/p>\n<p><strong><em>Fonte:<\/em><\/strong> <em>Jornal Folha da Tarde (19 de maio de 1952)<\/em><\/p>\n<p><em>\u00a0<\/em><strong><em>Fotos:<\/em><\/strong><em> Site do E.C. Uruguaiana <\/em><\/p>\n","protected":false},"excerpt":{"rendered":"<p>J\u00e1 dizias meu velho av\u00f4: \u201cAntes tarde do que nunca\u201d. N\u00e3o poderia deixar de mencionar o Esporte Clube Uruguaiana, que no \u00faltimo s\u00e1bado chegou a seu Centen\u00e1rio. O dia do anivers\u00e1rio foi marcado uma s\u00e9rie de festividades para Jaldinegro da Baixada, como a bel\u00edssima Placa comemorativa concedida pela Prefeitura Municipal de Uruguaiana. O Evento contou [&hellip;]<\/p>\n","protected":false},"author":55,"featured_media":0,"comment_status":"open","ping_status":"closed","sticky":false,"template":"","format":"standard","meta":{"footnotes":""},"categories":[203,59,3,46],"tags":[],"class_list":["post-33577","post","type-post","status-publish","format-standard","hentry","category-sergio-mello","category-escudos","category-historia-do-futebol","category-rg-do-sul"],"_links":{"self":[{"href":"https:\/\/historiadofutebol.com\/blog\/index.php?rest_route=\/wp\/v2\/posts\/33577","targetHints":{"allow":["GET"]}}],"collection":[{"href":"https:\/\/historiadofutebol.com\/blog\/index.php?rest_route=\/wp\/v2\/posts"}],"about":[{"href":"https:\/\/historiadofutebol.com\/blog\/index.php?rest_route=\/wp\/v2\/types\/post"}],"author":[{"embeddable":true,"href":"https:\/\/historiadofutebol.com\/blog\/index.php?rest_route=\/wp\/v2\/users\/55"}],"replies":[{"embeddable":true,"href":"https:\/\/historiadofutebol.com\/blog\/index.php?rest_route=%2Fwp%2Fv2%2Fcomments&post=33577"}],"version-history":[{"count":2,"href":"https:\/\/historiadofutebol.com\/blog\/index.php?rest_route=\/wp\/v2\/posts\/33577\/revisions"}],"predecessor-version":[{"id":33615,"href":"https:\/\/historiadofutebol.com\/blog\/index.php?rest_route=\/wp\/v2\/posts\/33577\/revisions\/33615"}],"wp:attachment":[{"href":"https:\/\/historiadofutebol.com\/blog\/index.php?rest_route=%2Fwp%2Fv2%2Fmedia&parent=33577"}],"wp:term":[{"taxonomy":"category","embeddable":true,"href":"https:\/\/historiadofutebol.com\/blog\/index.php?rest_route=%2Fwp%2Fv2%2Fcategories&post=33577"},{"taxonomy":"post_tag","embeddable":true,"href":"https:\/\/historiadofutebol.com\/blog\/index.php?rest_route=%2Fwp%2Fv2%2Ftags&post=33577"}],"curies":[{"name":"wp","href":"https:\/\/api.w.org\/{rel}","templated":true}]}}