{"id":33248,"date":"2012-05-20T00:57:50","date_gmt":"2012-05-20T03:57:50","guid":{"rendered":"https:\/\/historiadofutebol.com\/blog\/?p=33248"},"modified":"2026-01-26T02:09:35","modified_gmt":"2026-01-26T05:09:35","slug":"g-d-r-canto-do-rio-do-itaim-capital-sp","status":"publish","type":"post","link":"https:\/\/historiadofutebol.com\/blog\/?p=33248","title":{"rendered":"Gr\u00eamio Desportivo e Recreativo Canto do Rio do Itaim &#8211; S\u00e3o Paulo (SP): Fundado em 1941"},"content":{"rendered":"<div class=\"wp-block-image\">\n<figure class=\"aligncenter size-large\"><img loading=\"lazy\" decoding=\"async\" width=\"500\" height=\"307\" src=\"https:\/\/historiadofutebol.com\/blog\/wp-content\/uploads\/2024\/02\/GDRCR-500x307.jpg\" alt=\"\" class=\"wp-image-131363\" srcset=\"https:\/\/historiadofutebol.com\/blog\/wp-content\/uploads\/2024\/02\/GDRCR-500x307.jpg 500w, https:\/\/historiadofutebol.com\/blog\/wp-content\/uploads\/2024\/02\/GDRCR-300x184.jpg 300w, https:\/\/historiadofutebol.com\/blog\/wp-content\/uploads\/2024\/02\/GDRCR-768x472.jpg 768w, https:\/\/historiadofutebol.com\/blog\/wp-content\/uploads\/2024\/02\/GDRCR-624x383.jpg 624w, https:\/\/historiadofutebol.com\/blog\/wp-content\/uploads\/2024\/02\/GDRCR.jpg 1166w\" sizes=\"auto, (max-width: 500px) 100vw, 500px\" \/><figcaption class=\"wp-element-caption\"><em><strong>Escudo e uniforme de 1958<\/strong><\/em><\/figcaption><\/figure><\/div>\n\n\n<p>O <em><strong>Gr\u00eamio Desportivo e Recreativo Canto do Rio<\/strong><\/em> \u00e9 uma agremia\u00e7\u00e3o da cidade de S\u00e3o Paulo (SP). O Clube foi<em><strong> Fundado na quarta-feira, do dia 1\u00ba de Janeiro de 1941<\/strong><\/em>. A sua <strong><em>Pra\u00e7a de Esportes <\/em><\/strong>ficava no <strong><em>Parque do Povo<\/em><\/strong> ao lado do <strong><em>riacho do Sapateiro<\/em><\/strong> <em>(onde atualmente passa a<\/em> <em>Avenida Presidente Juscelino Kubitschek, n\u00ba 2.060)<strong>, no Bairro de Itaim Bibi &#8211; Zona Oeste, na capital paulistana<\/strong><\/em>.<\/p>\n\n\n\n<p>A sua <strong><em>Sede<\/em><\/strong> est\u00e1 localizada <em>na<strong> Rua Gabriel de Lara, n\u00ba 415, na Vila Cordeiro, em S\u00e3o Paulo\/SP<\/strong><\/em>. A \u00e1rea come\u00e7ava ao lado da <em>Ponte Cidade Jardim<\/em>, e passou a ser utilizada para a pr\u00e1tica do futebol varzeano em <strong><em>1934<\/em><\/strong>, e chegou abrigar <em>14 campos em 1962<\/em>.<\/p>\n\n\n\n<figure class=\"wp-block-image size-large is-resized\"><img loading=\"lazy\" decoding=\"async\" width=\"500\" height=\"375\" src=\"https:\/\/historiadofutebol.com\/blog\/wp-content\/uploads\/2024\/02\/418292717_7259488750787121_492887726968672352_n-500x375.jpg\" alt=\"\" class=\"wp-image-131364\" style=\"width:653px;height:auto\" srcset=\"https:\/\/historiadofutebol.com\/blog\/wp-content\/uploads\/2024\/02\/418292717_7259488750787121_492887726968672352_n-500x375.jpg 500w, https:\/\/historiadofutebol.com\/blog\/wp-content\/uploads\/2024\/02\/418292717_7259488750787121_492887726968672352_n-300x225.jpg 300w, https:\/\/historiadofutebol.com\/blog\/wp-content\/uploads\/2024\/02\/418292717_7259488750787121_492887726968672352_n-768x576.jpg 768w, https:\/\/historiadofutebol.com\/blog\/wp-content\/uploads\/2024\/02\/418292717_7259488750787121_492887726968672352_n-1536x1152.jpg 1536w, https:\/\/historiadofutebol.com\/blog\/wp-content\/uploads\/2024\/02\/418292717_7259488750787121_492887726968672352_n-624x468.jpg 624w, https:\/\/historiadofutebol.com\/blog\/wp-content\/uploads\/2024\/02\/418292717_7259488750787121_492887726968672352_n.jpg 2048w\" sizes=\"auto, (max-width: 500px) 100vw, 500px\" \/><figcaption class=\"wp-element-caption\"><mark style=\"background-color:rgba(0, 0, 0, 0);color:#1c3f8a\" class=\"has-inline-color\"><strong>Canto do Rio de 1958<\/strong><br \/><\/mark><strong>\u00a0<\/strong><br \/><mark style=\"background-color:rgba(0, 0, 0, 0);color:#1a489d\" class=\"has-inline-color\"><strong>EM P\u00c9 (esquerda para a direita):<\/strong> Bicudo, Lister, <em>n\u00e3o identificado<\/em>, Batista, Barraquinha Li, Baitolo, <em>n\u00e3o identificado<\/em> e Neguito;<br \/><\/mark>\u00a0<br \/><mark style=\"background-color:rgba(0, 0, 0, 0);color:#1e3b84\" class=\"has-inline-color\"><strong>AGACHADOS (esquerda para a direita):<\/strong> <em>n\u00e3o identificado<\/em>, Vico, Nelson\u00a0Chupa, Alem\u00e3o Cerrador, Tudo e Barraquinha I.<\/mark><\/figcaption><\/figure>\n\n\n\n<p>Ali se concentraram grandes clubes da v\u00e1rzea paulistana. Revelando jogadores para o profissionalismo introduzido em <strong><em>1933<\/em><\/strong>, no <strong><em>Campeonato Paulista<\/em><\/strong> organizado pela <strong><em>APEA (Associa\u00e7\u00e3o Paulista de Esportes Atl\u00e9ticos)<\/em><\/strong>.\u00a0<\/p>\n\n\n\n<p>Motivador, o <em>futebol varzeano<\/em> era destaque no <em>Di\u00e1rio Popular<\/em>. Seus campeonatos reuniam centenas de equipes.\u00a0O <strong><em>Canto do Rio<\/em><\/strong>, em <strong><em>1968<\/em><\/strong>, foi <strong><em>campe\u00e3o da zona oeste<\/em><\/strong> e <strong><em>3\u00ba colocado<\/em><\/strong> na <strong><em>classifica\u00e7\u00e3o geral<\/em><\/strong>.<\/p>\n\n\n<div class=\"wp-block-image\">\n<figure class=\"aligncenter size-large\"><img loading=\"lazy\" decoding=\"async\" width=\"500\" height=\"335\" src=\"https:\/\/historiadofutebol.com\/blog\/wp-content\/uploads\/2024\/02\/GDRCR1-500x335.jpg\" alt=\"\" class=\"wp-image-131365\" srcset=\"https:\/\/historiadofutebol.com\/blog\/wp-content\/uploads\/2024\/02\/GDRCR1-500x335.jpg 500w, https:\/\/historiadofutebol.com\/blog\/wp-content\/uploads\/2024\/02\/GDRCR1-300x201.jpg 300w, https:\/\/historiadofutebol.com\/blog\/wp-content\/uploads\/2024\/02\/GDRCR1-768x515.jpg 768w, https:\/\/historiadofutebol.com\/blog\/wp-content\/uploads\/2024\/02\/GDRCR1-624x419.jpg 624w, https:\/\/historiadofutebol.com\/blog\/wp-content\/uploads\/2024\/02\/GDRCR1.jpg 990w\" sizes=\"auto, (max-width: 500px) 100vw, 500px\" \/><\/figure><\/div>\n\n\n<h2 class=\"wp-block-heading\"><strong><mark style=\"background-color:rgba(0, 0, 0, 0);color:#1d2688\" class=\"has-inline-color\">Um celeiro de craques<\/mark><\/strong><\/h2>\n\n\n\n<p>\u00a0O <strong><em>Parque do Povo<\/em><\/strong> foi tombado em <strong><em>1995<\/em><\/strong>, garantindo a perman\u00eancia dos 8 campos existentes, al\u00e9m do <strong><em>Circo Escola Picadeiro<\/em><\/strong> e o <strong><em>Teatro Vento Forte<\/em><\/strong>. Todavia, o mercado imobili\u00e1rio e segmentos interessados na valoriza\u00e7\u00e3o do <em>Itaim Bibi<\/em>, acharam inadequado o uso popular e entraram com um processo de requalifica\u00e7\u00e3o do Parque.<\/p>\n\n\n\n<p>Tendo por base o desvirtuamento da pr\u00e1tica determinada, os times acusados de invasores, com pessoas alheias assumindo\u00a0os espa\u00e7os e se beneficiando particularmente em detrimento dos clubes e o patrim\u00f4nio a que representavam.<\/p>\n\n\n\n<p>Foi uma a\u00e7\u00e3o avassaladora. Ao inv\u00e9s de afastar quem a estava degradando, a prefeitura de S\u00e3o Paulo, <em>administra\u00e7\u00e3o Gilberto Kassab<\/em>, em <em>2006<\/em>, puniu a todos. Desqualificando totalmente o projeto original, o <strong><em>Parque do Povo<\/em><\/strong> teve todo seu complexo esportivo e cultural destru\u00eddo, n\u00e3o restando um campo sequer para registro de mem\u00f3ria.<\/p>\n\n\n\n<h2 class=\"wp-block-heading\"><strong><mark style=\"background-color:rgba(0, 0, 0, 0);color:#20377b\" class=\"has-inline-color\">Campe\u00e3o Paulista Sub 17<\/mark><\/strong><\/h2>\n\n\n\n<figure class=\"wp-block-image size-large is-resized\"><img loading=\"lazy\" decoding=\"async\" width=\"500\" height=\"368\" src=\"https:\/\/historiadofutebol.com\/blog\/wp-content\/uploads\/2024\/02\/Time-campeao-sub-17-500x368.jpg\" alt=\"\" class=\"wp-image-131366\" style=\"width:653px;height:auto\" srcset=\"https:\/\/historiadofutebol.com\/blog\/wp-content\/uploads\/2024\/02\/Time-campeao-sub-17-500x368.jpg 500w, https:\/\/historiadofutebol.com\/blog\/wp-content\/uploads\/2024\/02\/Time-campeao-sub-17-300x221.jpg 300w, https:\/\/historiadofutebol.com\/blog\/wp-content\/uploads\/2024\/02\/Time-campeao-sub-17.jpg 503w\" sizes=\"auto, (max-width: 500px) 100vw, 500px\" \/><figcaption class=\"wp-element-caption\"><strong>EM P\u00c9 (esquerda para a direita):<\/strong> Marcos Donizetti, Cau\u00ea, Rodrig\u00e3o, Pedr\u00e3o, Vitor, Bissi, Renato, Macaco, Marquinhos, Gabriel e o assistente t\u00e9cnico Parede;\u00a0<br \/><strong>AGACHADOS (esquerda para a direita):<\/strong> Duany, Marcelo Matos, Rafael,\u00a0Rodriguinho,\u00a0\u00cdtalo, Paulo e Beto.\u00a0<\/figcaption><\/figure>\n\n\n\n<p>Para termos uma ideia da for\u00e7a desse time varzeano, o <strong><em>GDR Canto do Rio do Itaim<\/em><\/strong> disputou o <strong><em>Campeonato Paulista sub 17<\/em><\/strong>, de <strong><em>2005<\/em><\/strong>, ao lado de <strong><em>Corinthians<\/em><\/strong>, <strong><em>S\u00e3o Paulo<\/em><\/strong>, <strong><em>Juventus<\/em><\/strong>, <strong><em>Banco do Brasil<\/em><\/strong>, <strong><em>Banespa<\/em><\/strong>, <strong><em>Indiano<\/em><\/strong>, <strong><em>Ip\u00ea<\/em><\/strong>, <strong><em>Paulistano<\/em><\/strong>, <strong><em>Macabi, Mesc<\/em><\/strong> e <strong><em>Ipiranga<\/em><\/strong>.<\/p>\n\n\n\n<p>E encarou a todos com um futebol esperto, coletivo, que o levou ao <strong><em>t\u00edtulo<\/em><\/strong> de <strong><em>Campe\u00e3o Paulista<\/em><\/strong>, da categoria. Um feito in\u00e9dito, e desconhe\u00e7o outro igual. Um trabalho desenvolvido em equipe, tendo \u00e0 frente o <strong><em>t\u00e9cnico<\/em><\/strong> <em>Marcos Donizetti (1\u00ba em p\u00e9 da esquerda para a direita)<\/em> que depois se tornou presidente da <em><strong>agremia\u00e7\u00e3o azul e branco<\/strong><\/em>.\u00a0<\/p>\n\n\n\n<figure class=\"wp-block-image size-large is-resized\"><img loading=\"lazy\" decoding=\"async\" width=\"500\" height=\"389\" src=\"https:\/\/historiadofutebol.com\/blog\/wp-content\/uploads\/2024\/02\/IMG_4307-500x389.jpg\" alt=\"\" class=\"wp-image-131369\" style=\"width:653px;height:auto\" srcset=\"https:\/\/historiadofutebol.com\/blog\/wp-content\/uploads\/2024\/02\/IMG_4307-500x389.jpg 500w, https:\/\/historiadofutebol.com\/blog\/wp-content\/uploads\/2024\/02\/IMG_4307-300x233.jpg 300w, https:\/\/historiadofutebol.com\/blog\/wp-content\/uploads\/2024\/02\/IMG_4307-768x598.jpg 768w, https:\/\/historiadofutebol.com\/blog\/wp-content\/uploads\/2024\/02\/IMG_4307-624x486.jpg 624w, https:\/\/historiadofutebol.com\/blog\/wp-content\/uploads\/2024\/02\/IMG_4307.jpg 1280w\" sizes=\"auto, (max-width: 500px) 100vw, 500px\" \/><\/figure>\n\n\n\n<p>Desconsiderar um trabalho como esse, numa cidade em que a classe popular n\u00e3o tem espa\u00e7o para se dedicar ao esporte ou lazer, cultural e social.<br \/>Mas esse <strong><em>Canto do Rio<\/em><\/strong> \u00e9 teimoso e resiste! Inicialmente a sede ficava \u00e0 <strong><em>Rua Helo\u00edsa<\/em><\/strong>,\u00a0depois na Joaquim Floriano. Atualmente, fica na <strong><em>Rua Gabriel de Lara, n\u00ba 415, na Vila Cordeiro, em S\u00e3o Paulo\/SP<\/em><\/strong>.<\/p>\n\n\n<div class=\"wp-block-image\">\n<figure class=\"aligncenter size-large is-resized\"><img loading=\"lazy\" decoding=\"async\" width=\"500\" height=\"397\" src=\"https:\/\/historiadofutebol.com\/blog\/wp-content\/uploads\/2024\/02\/IMG_4377-1-500x397.jpg\" alt=\"\" class=\"wp-image-131368\" style=\"width:653px;height:auto\" srcset=\"https:\/\/historiadofutebol.com\/blog\/wp-content\/uploads\/2024\/02\/IMG_4377-1-500x397.jpg 500w, https:\/\/historiadofutebol.com\/blog\/wp-content\/uploads\/2024\/02\/IMG_4377-1-300x238.jpg 300w, https:\/\/historiadofutebol.com\/blog\/wp-content\/uploads\/2024\/02\/IMG_4377-1-768x610.jpg 768w, https:\/\/historiadofutebol.com\/blog\/wp-content\/uploads\/2024\/02\/IMG_4377-1-624x495.jpg 624w, https:\/\/historiadofutebol.com\/blog\/wp-content\/uploads\/2024\/02\/IMG_4377-1.jpg 1280w\" sizes=\"auto, (max-width: 500px) 100vw, 500px\" \/><figcaption class=\"wp-element-caption\"><em><strong>FOTO DE 1941<\/strong><\/em><\/figcaption><\/figure><\/div>\n\n<p><\/p>\n<h2><strong><u>HINO do G.D. R. Canto do Rio<\/u><\/strong><\/h2>\n<h2><strong>Autor: <em>Alfredo J. R.<\/em><\/strong><\/h2>\n<p><em>\u201cCanto do Rio, canto a tua tradi\u00e7\u00e3o,<\/em><\/p>\n<p><em>\u00c9s a pujan\u00e7a de um futebol campe\u00e3o,<\/em><\/p>\n<p><em>Sempre altivo,<\/em><\/p>\n<p><em>Sem temer, partes pra luta,<\/em><\/p>\n<p><em>Canto do Rio,<\/em><\/p>\n<p><em>T\u00e3o nobre \u00e9 tua conduta,<\/em><\/p>\n<p><em>Dentro de campo,<\/em><\/p>\n<p><em>D\u00e1s mostras do teu valor,<\/em><\/p>\n<p><em>Lutando assim,<\/em><\/p>\n<p><em>Ser\u00e1s sempre vencedor,<\/em><\/p>\n<p><em>Canto do Rio&#8230;<\/em><\/p>\n<p><em>Canto do Rio,<\/em><\/p>\n<p><em>Azul e branco s\u00e3o tuas cores,<\/em><\/p>\n<p><em>Pra defend\u00ea-las,<\/em><\/p>\n<p><em>Sempre fostes varonil,<\/em><\/p>\n<p><em>Bandeira azul e branca,<\/em><\/p>\n<p><em>Do meu Canto do Rio,<\/em><\/p>\n<p><em>Sois Alegria<\/em><\/p>\n<p><em>Dos campos do meu Brasil,<\/em><\/p>\n<p><em>Canto do Rio&#8230;\u201d\u00a0\u00a0\u00a0\u00a0\u00a0 \u00a0\u00a0\u00a0<\/em><\/p>\n\n<div class=\"wp-block-image\">\n<figure class=\"aligncenter size-large is-resized\"><img loading=\"lazy\" decoding=\"async\" width=\"500\" height=\"333\" src=\"https:\/\/historiadofutebol.com\/blog\/wp-content\/uploads\/2024\/02\/IMG_4355-500x333.jpg\" alt=\"\" class=\"wp-image-131370\" style=\"width:654px;height:auto\" srcset=\"https:\/\/historiadofutebol.com\/blog\/wp-content\/uploads\/2024\/02\/IMG_4355-500x333.jpg 500w, https:\/\/historiadofutebol.com\/blog\/wp-content\/uploads\/2024\/02\/IMG_4355-300x200.jpg 300w, https:\/\/historiadofutebol.com\/blog\/wp-content\/uploads\/2024\/02\/IMG_4355-768x512.jpg 768w, https:\/\/historiadofutebol.com\/blog\/wp-content\/uploads\/2024\/02\/IMG_4355-624x416.jpg 624w, https:\/\/historiadofutebol.com\/blog\/wp-content\/uploads\/2024\/02\/IMG_4355.jpg 1280w\" sizes=\"auto, (max-width: 500px) 100vw, 500px\" \/><figcaption class=\"wp-element-caption\"><em><strong>Diante da galeria de trof\u00e9us, Alcides Magri, aos 79 anos. Atuou em oito gest\u00f5es como Diretor de Esportes e\u00a0foi fundamental na hist\u00f3ria do Canto do Rio, relembrando com tristeza o dia, da agressividade dos tratores destruindo o campo.\u00a0<\/strong><\/em><\/figcaption><\/figure><\/div>\n\n\n<p><strong><em><u>FOTOS<\/u><\/em><\/strong><strong><em>:<\/em><\/strong><em> Acervo de Lourival Santos Filho \u2013 Blog Futbolando<\/em><\/p>\n\n\n\n<p><strong><em><u>FONTES<\/u><\/em><\/strong><strong><em>:<\/em><\/strong><em> P\u00e1gina do clube no Facebook \u2013 Blog Futbolando<\/em><\/p>\n","protected":false},"excerpt":{"rendered":"<p>O Gr\u00eamio Desportivo e Recreativo Canto do Rio \u00e9 uma agremia\u00e7\u00e3o da cidade de S\u00e3o Paulo (SP). O Clube foi Fundado na quarta-feira, do dia 1\u00ba de Janeiro de 1941. A sua Pra\u00e7a de Esportes ficava no Parque do Povo ao lado do riacho do Sapateiro (onde atualmente passa a Avenida Presidente Juscelino Kubitschek, n\u00ba [&hellip;]<\/p>\n","protected":false},"author":55,"featured_media":0,"comment_status":"open","ping_status":"closed","sticky":false,"template":"","format":"standard","meta":{"footnotes":""},"categories":[203,189,870,68,531,83,59,345,118,3,51],"tags":[],"class_list":["post-33248","post","type-post","status-publish","format-standard","hentry","category-sergio-mello","category-toninho-sereno","category-arquivo-digital","category-blog-historia-do-futebol","category-carencias","category-x9-curiosidades","category-escudos","category-fotos-historicas","category-futebol-amador-varzeano","category-historia-do-futebol","category-sao-paulo"],"_links":{"self":[{"href":"https:\/\/historiadofutebol.com\/blog\/index.php?rest_route=\/wp\/v2\/posts\/33248","targetHints":{"allow":["GET"]}}],"collection":[{"href":"https:\/\/historiadofutebol.com\/blog\/index.php?rest_route=\/wp\/v2\/posts"}],"about":[{"href":"https:\/\/historiadofutebol.com\/blog\/index.php?rest_route=\/wp\/v2\/types\/post"}],"author":[{"embeddable":true,"href":"https:\/\/historiadofutebol.com\/blog\/index.php?rest_route=\/wp\/v2\/users\/55"}],"replies":[{"embeddable":true,"href":"https:\/\/historiadofutebol.com\/blog\/index.php?rest_route=%2Fwp%2Fv2%2Fcomments&post=33248"}],"version-history":[{"count":7,"href":"https:\/\/historiadofutebol.com\/blog\/index.php?rest_route=\/wp\/v2\/posts\/33248\/revisions"}],"predecessor-version":[{"id":135494,"href":"https:\/\/historiadofutebol.com\/blog\/index.php?rest_route=\/wp\/v2\/posts\/33248\/revisions\/135494"}],"wp:attachment":[{"href":"https:\/\/historiadofutebol.com\/blog\/index.php?rest_route=%2Fwp%2Fv2%2Fmedia&parent=33248"}],"wp:term":[{"taxonomy":"category","embeddable":true,"href":"https:\/\/historiadofutebol.com\/blog\/index.php?rest_route=%2Fwp%2Fv2%2Fcategories&post=33248"},{"taxonomy":"post_tag","embeddable":true,"href":"https:\/\/historiadofutebol.com\/blog\/index.php?rest_route=%2Fwp%2Fv2%2Ftags&post=33248"}],"curies":[{"name":"wp","href":"https:\/\/api.w.org\/{rel}","templated":true}]}}