{"id":33243,"date":"2012-05-20T00:15:41","date_gmt":"2012-05-20T03:15:41","guid":{"rendered":"https:\/\/historiadofutebol.com\/blog\/?p=33243"},"modified":"2012-05-20T00:16:17","modified_gmt":"2012-05-20T03:16:17","slug":"s-e-palmeirinha-do-carandiru-capital-sp","status":"publish","type":"post","link":"https:\/\/historiadofutebol.com\/blog\/?p=33243","title":{"rendered":"S.E. Palmeirinha do Carandiru &#8211; Capital (SP)"},"content":{"rendered":"<p>\u00a0<img loading=\"lazy\" decoding=\"async\" class=\"aligncenter size-medium wp-image-33244\" src=\"https:\/\/historiadofutebol.com\/blog\/wp-content\/uploads\/2012\/05\/SE-Palmeirinha-do-Carandiru-Capital-1946-252x300.jpg\" alt=\"\" width=\"252\" height=\"300\" srcset=\"https:\/\/historiadofutebol.com\/blog\/wp-content\/uploads\/2012\/05\/SE-Palmeirinha-do-Carandiru-Capital-1946-252x300.jpg 252w, https:\/\/historiadofutebol.com\/blog\/wp-content\/uploads\/2012\/05\/SE-Palmeirinha-do-Carandiru-Capital-1946-421x500.jpg 421w, https:\/\/historiadofutebol.com\/blog\/wp-content\/uploads\/2012\/05\/SE-Palmeirinha-do-Carandiru-Capital-1946.jpg 586w\" sizes=\"auto, (max-width: 252px) 100vw, 252px\" \/><\/p>\n<p>A <span style=\"color: #003300\"><strong><em>Sociedade Esportiva Palmeirinha do Carandiru<\/em><\/strong><\/span> \u00e9 uma agremia\u00e7\u00e3o da cidade de S\u00e3o Paulo (SP). O clube foi <strong><em><span style=\"color: #008000\">Fundado no dia 21 de Abril de 1946<\/span><\/em><\/strong>. A sua Sede fica na Rua Taquara Branca, 245 &#8211; Bairro: Carandiru &#8211; Zona Norte, na capital paulistana.<\/p>\n","protected":false},"excerpt":{"rendered":"<p>\u00a0 A Sociedade Esportiva Palmeirinha do Carandiru \u00e9 uma agremia\u00e7\u00e3o da cidade de S\u00e3o Paulo (SP). O clube foi Fundado no dia 21 de Abril de 1946. A sua Sede fica na Rua Taquara Branca, 245 &#8211; Bairro: Carandiru &#8211; Zona Norte, na capital paulistana.<\/p>\n","protected":false},"author":55,"featured_media":0,"comment_status":"open","ping_status":"closed","sticky":false,"template":"","format":"standard","meta":{"footnotes":""},"categories":[203,189,59,118,51],"tags":[],"class_list":["post-33243","post","type-post","status-publish","format-standard","hentry","category-sergio-mello","category-toninho-sereno","category-escudos","category-futebol-amador-varzeano","category-sao-paulo"],"_links":{"self":[{"href":"https:\/\/historiadofutebol.com\/blog\/index.php?rest_route=\/wp\/v2\/posts\/33243","targetHints":{"allow":["GET"]}}],"collection":[{"href":"https:\/\/historiadofutebol.com\/blog\/index.php?rest_route=\/wp\/v2\/posts"}],"about":[{"href":"https:\/\/historiadofutebol.com\/blog\/index.php?rest_route=\/wp\/v2\/types\/post"}],"author":[{"embeddable":true,"href":"https:\/\/historiadofutebol.com\/blog\/index.php?rest_route=\/wp\/v2\/users\/55"}],"replies":[{"embeddable":true,"href":"https:\/\/historiadofutebol.com\/blog\/index.php?rest_route=%2Fwp%2Fv2%2Fcomments&post=33243"}],"version-history":[{"count":3,"href":"https:\/\/historiadofutebol.com\/blog\/index.php?rest_route=\/wp\/v2\/posts\/33243\/revisions"}],"predecessor-version":[{"id":33247,"href":"https:\/\/historiadofutebol.com\/blog\/index.php?rest_route=\/wp\/v2\/posts\/33243\/revisions\/33247"}],"wp:attachment":[{"href":"https:\/\/historiadofutebol.com\/blog\/index.php?rest_route=%2Fwp%2Fv2%2Fmedia&parent=33243"}],"wp:term":[{"taxonomy":"category","embeddable":true,"href":"https:\/\/historiadofutebol.com\/blog\/index.php?rest_route=%2Fwp%2Fv2%2Fcategories&post=33243"},{"taxonomy":"post_tag","embeddable":true,"href":"https:\/\/historiadofutebol.com\/blog\/index.php?rest_route=%2Fwp%2Fv2%2Ftags&post=33243"}],"curies":[{"name":"wp","href":"https:\/\/api.w.org\/{rel}","templated":true}]}}