{"id":33008,"date":"2012-05-15T16:49:57","date_gmt":"2012-05-15T19:49:57","guid":{"rendered":"https:\/\/historiadofutebol.com\/blog\/?p=33008"},"modified":"2012-05-15T16:51:53","modified_gmt":"2012-05-15T19:51:53","slug":"ah-se-o-careca-estivesse-em-campo-na-copa-do-muno-de-1982","status":"publish","type":"post","link":"https:\/\/historiadofutebol.com\/blog\/?p=33008","title":{"rendered":"Ah&#8230; &#8216;Se&#8217; o Careca estivesse em campo na Copa do Mundo-1982"},"content":{"rendered":"<div class=\"mceTemp mceIEcenter\">\n<div id=\"attachment_33009\" style=\"width: 510px\" class=\"wp-caption aligncenter\"><img loading=\"lazy\" decoding=\"async\" aria-describedby=\"caption-attachment-33009\" class=\"size-large wp-image-33009\" src=\"https:\/\/historiadofutebol.com\/blog\/wp-content\/uploads\/2012\/05\/Careca-01-500x225.jpg\" alt=\"\" width=\"500\" height=\"225\" srcset=\"https:\/\/historiadofutebol.com\/blog\/wp-content\/uploads\/2012\/05\/Careca-01-500x225.jpg 500w, https:\/\/historiadofutebol.com\/blog\/wp-content\/uploads\/2012\/05\/Careca-01-300x135.jpg 300w, https:\/\/historiadofutebol.com\/blog\/wp-content\/uploads\/2012\/05\/Careca-01.jpg 982w\" sizes=\"auto, (max-width: 500px) 100vw, 500px\" \/><p id=\"caption-attachment-33009\" class=\"wp-caption-text\">Careca em a\u00e7\u00e3o no mundial de 1986<\/p><\/div>\n<\/div>\n<p>Reza a lenda que o \u201cSe\u201d n\u00e3o joga. E, de fato, \u00e9 uma verdade. Mesmo assim, \u00e0s vezes, confabulando com os meus bot\u00f5es me pergunto: \u201cSer\u00e1 que o atacante Careca n\u00e3o tivesse se lesionado dias antes da estreia na Copa do Mundo de 1982, na Espanha&#8230; A Sele\u00e7\u00e3o Brasileira n\u00e3o teria se sagrado campe\u00e3?\u201d<\/p>\n<p>Bate-me uma resposta segura: \u201cSim, seriamos tetracampe\u00f5es mundiais\u201d.<\/p>\n<p>\u00a0H\u00e1 30 anos, Careca, aos 21 anos, estava no auge. No seu lugar, o t\u00e9cnico Tel\u00ea Santana escolheu Serginho Chulapa. Diante do estilo em que aquela sele\u00e7\u00e3o jogava, acho que o Roberto Dinamite seria a melhor op\u00e7\u00e3o, deixando Serginho para entrar na segunda etapa.<\/p>\n<p>\u00a0Agora, mesmo sabendo que o brasileiro gosta de ver campe\u00f5es, eu aprendi a guardar com carinho aquela Sele\u00e7\u00e3o, que se n\u00e3o ganhou o t\u00edtulo, deixou um legado: o futebol brasileiro n\u00e3o pode nunca deixar de uma arte.<\/p>\n<p>\u00a0<strong>CARECA: N\u00c3O ERA \u2018UM ATACANTE\u2019&#8230; MAS SIM \u2018O ATACANTE\u2019! \u00a0<\/strong><\/p>\n<p>Nascido de ber\u00e7o futebolista, j\u00e1 que o pai foi ponta-esquerda da Ponte Preta, o atacante Careca foi um dos principais jogadores de sua gera\u00e7\u00e3o. Vestiu a camisa da Sele\u00e7\u00e3o Brasileira 66 vezes e ainda disputou duas Copas do Mundo: 86 no M\u00e9xico e 90 na It\u00e1lia.<\/p>\n<p>Quis o destino que ele come\u00e7asse a carreira justamente no maior rival do time em que seu pai jogou. Em 78, Careca foi contratado pelo Guarani e de cara se sagrou campe\u00e3o brasileiro daquele ano. Para melhorar, foi dele o gol do t\u00edtulo. Nos seis anos que esteve no Bugre o centroavante marcou 80 gols.<\/p>\n<p>Careca era dado como certo na Sele\u00e7\u00e3o que iria disputar a Copa do Mundo de 1982, na Espanha. No entanto, uma les\u00e3o \u00e0s v\u00e9speras do Mundial o deixou fora da competi\u00e7\u00e3o.<\/p>\n<p>Quando se recuperou, Careca foi jogar no S\u00e3o Paulo. No tricolor paulista foi campe\u00e3o estadual duas vezes e ainda conquistou outro brasileiro, o de 86.<\/p>\n<div id=\"attachment_33010\" style=\"width: 510px\" class=\"wp-caption aligncenter\"><img loading=\"lazy\" decoding=\"async\" aria-describedby=\"caption-attachment-33010\" class=\"size-large wp-image-33010\" src=\"https:\/\/historiadofutebol.com\/blog\/wp-content\/uploads\/2012\/05\/Careca-02-500x225.jpg\" alt=\"\" width=\"500\" height=\"225\" srcset=\"https:\/\/historiadofutebol.com\/blog\/wp-content\/uploads\/2012\/05\/Careca-02-500x225.jpg 500w, https:\/\/historiadofutebol.com\/blog\/wp-content\/uploads\/2012\/05\/Careca-02-300x135.jpg 300w, https:\/\/historiadofutebol.com\/blog\/wp-content\/uploads\/2012\/05\/Careca-02.jpg 984w\" sizes=\"auto, (max-width: 500px) 100vw, 500px\" \/><p id=\"caption-attachment-33010\" class=\"wp-caption-text\">Em p\u00e9 (da esquerda para a direita): Taffarel, Jorginho, Mauro Galv\u00e3o, Mozer, Ricardo Gomes e Branco; Agachados: Muller, Alem\u00e3o, Careca, Dunga e Valdo.<\/p><\/div>\n<p>Neste mesmo ano, Careca foi vice-artilheiro da Copa do Mundo, disputada no M\u00e9xico. Foram cinco gols em cinco jogos. O t\u00edtulo n\u00e3o veio, j\u00e1 que o Brasil foi eliminado pela Fran\u00e7a antes da final, mas o reconhecimento internacional, sim.<\/p>\n<p>No ano seguinte, Careca se transferiu para o Napoli, onde formou dupla com Diego Maradona. Na It\u00e1lia, ele conquistou dois t\u00edtulos nacionais, uma Copa da Uefa e mais a Recopa italiana.<\/p>\n<p>O centroavante ainda disputou mais uma Copa do Mundo pela Sele\u00e7\u00e3o Brasileira, em 90, na It\u00e1lia. Marcou mais dois gols nos quatro jogos que disputou.<\/p>\n<div id=\"attachment_33011\" style=\"width: 510px\" class=\"wp-caption aligncenter\"><img loading=\"lazy\" decoding=\"async\" aria-describedby=\"caption-attachment-33011\" class=\"size-large wp-image-33011\" src=\"https:\/\/historiadofutebol.com\/blog\/wp-content\/uploads\/2012\/05\/Careca-03-500x227.jpg\" alt=\"\" width=\"500\" height=\"227\" srcset=\"https:\/\/historiadofutebol.com\/blog\/wp-content\/uploads\/2012\/05\/Careca-03-500x227.jpg 500w, https:\/\/historiadofutebol.com\/blog\/wp-content\/uploads\/2012\/05\/Careca-03-300x136.jpg 300w, https:\/\/historiadofutebol.com\/blog\/wp-content\/uploads\/2012\/05\/Careca-03.jpg 973w\" sizes=\"auto, (max-width: 500px) 100vw, 500px\" \/><p id=\"caption-attachment-33011\" class=\"wp-caption-text\">Em p\u00e9 (da esquerda para a direita): Taffarel, Mauro Galv\u00e3o, Ricardo Gomes, Mozer, Jorginho, e Branco; Agachados: Muller, Alem\u00e3o, Careca, Dunga e Valdo.<\/p><\/div>\n<p>Aos 33 anos, Careca aceitou o desafio de jogar no Jap\u00e3o e tamb\u00e9m obteve sucesso no pa\u00eds. Depois de quatro anos no futebol japon\u00eas, o atacante voltou ao Brasil para defender o Santos. Depois de atuar em poucas partidas pelo time paulista, encerrou a carreira.<\/p>\n<p>\u00a0<strong>FICHA-T\u00c9CNICA: CARECA (1982-1993)<\/strong><\/p>\n<p><strong>Nome:<\/strong> Antonio de Oliveira Filho<\/p>\n<p><strong>Natural:<\/strong> Araraquara (SP)<\/p>\n<p><strong>Nascimento:<\/strong> 05 de Outubro de 1960<\/p>\n<p><strong>Posi\u00e7\u00e3o:<\/strong> Atacante<\/p>\n<p><strong>Pela Sele\u00e7\u00e3o Brasileira Principal:<\/strong> 65 jogos, 39 vit\u00f3rias, 16 empates, 10 derrotas. Gols: 30<\/p>\n<p><strong>Duas Copas do Mundo:<\/strong> 1986 e 1990.<\/p>\n<p><strong>Jogos em Copa do Mundo:<\/strong> Nove jogos , Sete vit\u00f3rias, um empate, uma derrota; marcando Sete gols.<\/p>\n<p><strong>\u00a0TODOS OS 65 JOGOS PELO BRASIL<\/strong><\/p>\n<p>1 &#8211; 21.03.1982 &#8211; 1 x 0 ALEM.\u00a0 OCIDENTAL<\/p>\n<p>2 &#8211; 05.05.1982 &#8211; 3 x 1 PORTUGAL<\/p>\n<p>3 &#8211; 19.05.1982 &#8211; 1 x 1 SU\u00cd\u00c7A<\/p>\n<p>4 &#8211; 27.05.1982 &#8211; 7 x 0 IRLANDA<\/p>\n<p>5 &#8211; 28.04.1983 &#8211; 3 x 2 CHILE (1)<\/p>\n<p>6 &#8211; 08.06.1983 &#8211; 4 x 0 PORTUGAL (2)<\/p>\n<p>7 &#8211; 12.06.1983 &#8211; 1 x 1 PA\u00cdS DE GALES<\/p>\n<p>8 &#8211; 17.06.1983 &#8211; 2 x 1 SU\u00cd\u00c7A (1)<\/p>\n<p>9 &#8211; 22.06.1983 &#8211; 3 x 3 SU\u00c9CIA (1)<\/p>\n<p>10 &#8211; 28.07.1983 &#8211; 0 x 0 CHILE<\/p>\n<p>11 &#8211; 17.08.1983 &#8211; 1 x 0 EQUADOR<\/p>\n<p>12 &#8211; 24.08.1983 &#8211; 0 x 1 ARGENTINA<\/p>\n<p>13 &#8211; 13.10.1983 &#8211; 1 x 1 PARAGUAI<\/p>\n<p>14 &#8211; 20.10.1983 &#8211; 0 x 0 PARAGUAI<\/p>\n<p>15 &#8211; 04.11.1983 &#8211; 1 x 1 URUGUAI<\/p>\n<p>16 &#8211; 28.04.1985 &#8211; 0 x 1 PERU<\/p>\n<p>17 &#8211; 02.05.1985 &#8211; 2 x 0 URUGUAI (1)<\/p>\n<p>18 &#8211; 05.05.1985 &#8211; 2 x 1 ARGENTINA (1)<\/p>\n<p>19 &#8211; 15.05.1985 &#8211; 0 x 1 COL\u00d4MBIA<\/p>\n<p>20 &#8211; 02.06.1985 &#8211; 2 x 0 BOL\u00cdVIA<\/p>\n<p>21 &#8211; 08.06.1985 &#8211; 3 x 1 CHILE<\/p>\n<p>22 &#8211; 30.06.1985 &#8211; 1 x 1 BOL\u00cdVIA (1)<\/p>\n<p>23 &#8211; 12.03.1986 &#8211; 0 x 2 ALEM. OCIDENTAL<\/p>\n<p>24 &#8211; 01.04.1986 &#8211; 4 x 0 PERU (1)<\/p>\n<p>25 &#8211; 08.04.1986 &#8211; 3 x 0 ALEM.\u00a0 ORIENTAL (1)<\/p>\n<p>26 &#8211; 17.04.1986 &#8211; 3 x 0 FINL\u00c2NDIA<\/p>\n<p>27 &#8211; 30.04.1986 &#8211; 4 x 2 IUGOSL\u00c1VIA (1)<\/p>\n<p>28 &#8211; 07.05.1986 &#8211; 1 x 1 CHILE<\/p>\n<p>29 &#8211; 01.06.1986 &#8211; 1 x 0 ESPANHA<\/p>\n<p>30 &#8211; 06.06.1986 &#8211; 1 x 0 ARG\u00c9LIA (1)<\/p>\n<p>31 &#8211; 12.06.1986 &#8211; 3 x 0 IRL. DO NORTE (2)<\/p>\n<p>32 &#8211; 16.06.1986 &#8211; 4 x 0 POL\u00d4NIA (1)<\/p>\n<p>33 &#8211; 21.06.1986 &#8211; 1 x 1 FRAN\u00c7A (1)<\/p>\n<p>34 &#8211; 21.06.1987 &#8211; 4 x 1 EQUADOR (1)<\/p>\n<p>35 &#8211; 24.06.1987 &#8211; 1 x 0 PARAGUAI<\/p>\n<p>36 &#8211; 28.06.1987 &#8211; 5 x 0 VENEZUELA (1)<\/p>\n<p>37 &#8211; 03.07.1987 &#8211; 0 x 4 CHILE<\/p>\n<p>38 &#8211; 27.03.1989 &#8211; 1 x 2 Sel. Resto do Mundo<\/p>\n<p>39 &#8211; 22.06.1989 &#8211; 0 x 0 Milan (ITA)<\/p>\n<p>40 &#8211; 23.07.1989 &#8211; 1 x 0 JAP\u00c3O<\/p>\n<p>41 &#8211; 30.07.1989 &#8211; 4 x 0 VENEZUELA<\/p>\n<p>42 &#8211; 20.08.1989 &#8211; 6 x 0 VENEZUELA (4)<\/p>\n<p>43 &#8211; 03.09.1989 &#8211; 2 x 0 CHILE (1)<\/p>\n<p>44 &#8211; 14.10.1989 &#8211; 1 x 0 IT\u00c1LIA<\/p>\n<p>45 &#8211; 20.12.1989 &#8211; 1 x 0 HOLANDA (1)<\/p>\n<p>46 &#8211; 28.03.1990 &#8211; 0 x 1 INGLATERRA<\/p>\n<p>47 &#8211; 05.05.1990 &#8211; 2 x 1 BULG\u00c1RIA<\/p>\n<p>48 &#8211; 13.05.1990 &#8211; 3 x 3 ALEM.\u00a0 ORIENTAL (1)<\/p>\n<p>49 &#8211; 19.05.1990 &#8211; 1 x 0 Comb. Madrid<\/p>\n<p>50 &#8211; 28.05.1990 &#8211; 0 x 1 Comb. Umbria<\/p>\n<p>51 &#8211; 10.06.1990 &#8211; 2 x 1 SU\u00c9CIA (2)<\/p>\n<p>52 &#8211; 16.06.1990 &#8211; 1 x 0 COSTA RICA<\/p>\n<p>53 &#8211; 20.06.1990 &#8211; 1 x 0 ESC\u00d3CIA<\/p>\n<p>54 &#8211; 24.06.1990 &#8211; 0 x 1 ARGENTINA<\/p>\n<p>55 &#8211; 11.09.1991 &#8211; 0 x 1 PA\u00cdS DE GALES<\/p>\n<p>56 &#8211; 19.05.1992 &#8211; 1 x 0 Milan (ITA) (1)<\/p>\n<p>57 &#8211; 26.08.1992 &#8211; 2 x 0 FRAN\u00c7A<\/p>\n<p>58 &#8211; 16.12.1992 &#8211; 3 x 1 ALEMANHA<\/p>\n<p>59 &#8211; 18.02.1993 &#8211; 1 x 1 ARGENTINA<\/p>\n<p>60 &#8211; 06.06.1993 &#8211; 2 x 0 EUA (1)<\/p>\n<p>61 &#8211; 10.06.1993 &#8211; 3 x 3 ALEMANHA (1)<\/p>\n<p>62 &#8211; 14.06.1993 &#8211; 1 x 1 INGLATERRA<\/p>\n<p>63 &#8211; 14.07.1993 &#8211; 2 x 0 PARAGUAI<\/p>\n<p>64 &#8211; 18.07.1993 &#8211; 0 x 0 EQUADOR<\/p>\n<p>65 &#8211; 01.08.1993 &#8211; 5 x 1 VENEZUELA<\/p>\n<hr \/>\n<p>\u00a0<em><strong>Fotos e dados:<\/strong> Site da CBF<\/em><\/p>\n","protected":false},"excerpt":{"rendered":"<p>Reza a lenda que o \u201cSe\u201d n\u00e3o joga. E, de fato, \u00e9 uma verdade. Mesmo assim, \u00e0s vezes, confabulando com os meus bot\u00f5es me pergunto: \u201cSer\u00e1 que o atacante Careca n\u00e3o tivesse se lesionado dias antes da estreia na Copa do Mundo de 1982, na Espanha&#8230; A Sele\u00e7\u00e3o Brasileira n\u00e3o teria se sagrado campe\u00e3?\u201d Bate-me [&hellip;]<\/p>\n","protected":false},"author":55,"featured_media":0,"comment_status":"open","ping_status":"closed","sticky":false,"template":"","format":"standard","meta":{"footnotes":""},"categories":[203,114,3,150],"tags":[],"class_list":["post-33008","post","type-post","status-publish","format-standard","hentry","category-sergio-mello","category-copas-do-mundo","category-historia-do-futebol","category-x7-perfis-de-jogadores"],"_links":{"self":[{"href":"https:\/\/historiadofutebol.com\/blog\/index.php?rest_route=\/wp\/v2\/posts\/33008","targetHints":{"allow":["GET"]}}],"collection":[{"href":"https:\/\/historiadofutebol.com\/blog\/index.php?rest_route=\/wp\/v2\/posts"}],"about":[{"href":"https:\/\/historiadofutebol.com\/blog\/index.php?rest_route=\/wp\/v2\/types\/post"}],"author":[{"embeddable":true,"href":"https:\/\/historiadofutebol.com\/blog\/index.php?rest_route=\/wp\/v2\/users\/55"}],"replies":[{"embeddable":true,"href":"https:\/\/historiadofutebol.com\/blog\/index.php?rest_route=%2Fwp%2Fv2%2Fcomments&post=33008"}],"version-history":[{"count":3,"href":"https:\/\/historiadofutebol.com\/blog\/index.php?rest_route=\/wp\/v2\/posts\/33008\/revisions"}],"predecessor-version":[{"id":33014,"href":"https:\/\/historiadofutebol.com\/blog\/index.php?rest_route=\/wp\/v2\/posts\/33008\/revisions\/33014"}],"wp:attachment":[{"href":"https:\/\/historiadofutebol.com\/blog\/index.php?rest_route=%2Fwp%2Fv2%2Fmedia&parent=33008"}],"wp:term":[{"taxonomy":"category","embeddable":true,"href":"https:\/\/historiadofutebol.com\/blog\/index.php?rest_route=%2Fwp%2Fv2%2Fcategories&post=33008"},{"taxonomy":"post_tag","embeddable":true,"href":"https:\/\/historiadofutebol.com\/blog\/index.php?rest_route=%2Fwp%2Fv2%2Ftags&post=33008"}],"curies":[{"name":"wp","href":"https:\/\/api.w.org\/{rel}","templated":true}]}}